{"id":18607,"date":"2022-11-30T00:20:00","date_gmt":"2022-11-30T06:20:00","guid":{"rendered":"https:\/\/www.macquero.com\/?p=18607"},"modified":"2022-11-29T22:45:45","modified_gmt":"2022-11-30T04:45:45","slug":"las-cronicas-del-taco-volumen-3","status":"publish","type":"post","link":"https:\/\/www.macquero.com\/en\/2022\/11\/las-cronicas-del-taco-volumen-3\/","title":{"rendered":"Las cr\u00f3nicas del taco. Volumen 3."},"content":{"rendered":"<p>Puntuaci\u00f3n: &#x2b50;&#x2b50;&#x2b50;&#x2b50;&#x2b50;<\/p>\n\n\n\n<p>Nuestra siguiente recomendaci\u00f3n es una serie que no puedes ver con hambre. (La neta no s\u00e9 como pude verla hasta el final). <\/p>\n\n\n\n<h2 class=\"wp-block-heading\">Sipnosis<\/h2>\n\n\n\n<p>Los tacos son el s\u00edmbolo gastron\u00f3mico mexicano. En el espacio se presenta la historia del platillo m\u00e1s conocido de M\u00e9xico y su importancia. Adem\u00e1s, los tacos m\u00e1s representativos del pa\u00eds.<\/p>\n\n\n\n<p>Este documental se ci\u00f1e en las historias de cada cocina: referidas con t\u00e9cnicas y viejas usanzas que van de generaci\u00f3n en generaci\u00f3n para elaborar estos deliciosos platillos.   <\/p>","protected":false},"excerpt":{"rendered":"<p>Puntuaci\u00f3n: &#x2b50;&#x2b50;&#x2b50;&#x2b50;&#x2b50; Nuestra siguiente recomendaci\u00f3n es una serie que no puedes ver con hambre. (La neta no s\u00e9 como pude verla hasta el final). Sipnosis Los tacos son el s\u00edmbolo gastron\u00f3mico mexicano. En el espacio se presenta la historia del platillo m\u00e1s conocido de M\u00e9xico y su importancia. Adem\u00e1s, los tacos m\u00e1s representativos del pa\u00eds. &hellip;<\/p>","protected":false},"author":2,"featured_media":18608,"comment_status":"closed","ping_status":"closed","sticky":false,"template":"","format":"standard","meta":{"jetpack_post_was_ever_published":false,"_jetpack_newsletter_access":"","_jetpack_dont_email_post_to_subs":false,"_jetpack_newsletter_tier_id":0,"_jetpack_memberships_contains_paywalled_content":false,"_jetpack_memberships_contains_paid_content":false,"footnotes":"","jetpack_publicize_message":"","jetpack_publicize_feature_enabled":true,"jetpack_social_post_already_shared":true,"jetpack_social_options":{"image_generator_settings":{"template":"highway","default_image_id":0,"font":"","enabled":false},"version":2}},"categories":[733,732],"tags":[834,831],"class_list":["post-18607","post","type-post","status-publish","format-standard","has-post-thumbnail","hentry","category-originales-de-netflix","category-series","tag-docuserie","tag-estilo-de-vida"],"jetpack_publicize_connections":[],"jetpack_featured_media_url":"https:\/\/www.macquero.com\/wp-content\/uploads\/2022\/11\/de-1.jpg","jetpack_sharing_enabled":true,"_links":{"self":[{"href":"https:\/\/www.macquero.com\/en\/wp-json\/wp\/v2\/posts\/18607","targetHints":{"allow":["GET"]}}],"collection":[{"href":"https:\/\/www.macquero.com\/en\/wp-json\/wp\/v2\/posts"}],"about":[{"href":"https:\/\/www.macquero.com\/en\/wp-json\/wp\/v2\/types\/post"}],"author":[{"embeddable":true,"href":"https:\/\/www.macquero.com\/en\/wp-json\/wp\/v2\/users\/2"}],"replies":[{"embeddable":true,"href":"https:\/\/www.macquero.com\/en\/wp-json\/wp\/v2\/comments?post=18607"}],"version-history":[{"count":1,"href":"https:\/\/www.macquero.com\/en\/wp-json\/wp\/v2\/posts\/18607\/revisions"}],"predecessor-version":[{"id":18609,"href":"https:\/\/www.macquero.com\/en\/wp-json\/wp\/v2\/posts\/18607\/revisions\/18609"}],"wp:featuredmedia":[{"embeddable":true,"href":"https:\/\/www.macquero.com\/en\/wp-json\/wp\/v2\/media\/18608"}],"wp:attachment":[{"href":"https:\/\/www.macquero.com\/en\/wp-json\/wp\/v2\/media?parent=18607"}],"wp:term":[{"taxonomy":"category","embeddable":true,"href":"https:\/\/www.macquero.com\/en\/wp-json\/wp\/v2\/categories?post=18607"},{"taxonomy":"post_tag","embeddable":true,"href":"https:\/\/www.macquero.com\/en\/wp-json\/wp\/v2\/tags?post=18607"}],"curies":[{"name":"wp","href":"https:\/\/api.w.org\/{rel}","templated":true}]}}