{"id":18466,"date":"2022-10-27T22:26:11","date_gmt":"2022-10-28T03:26:11","guid":{"rendered":"https:\/\/www.macquero.com\/?p=18466"},"modified":"2022-10-27T22:26:14","modified_gmt":"2022-10-28T03:26:14","slug":"apple-confirma-que-iphone-adoptara-el-cargador-usb-c-pero-solo-en-la-ue","status":"publish","type":"post","link":"https:\/\/www.macquero.com\/en\/2022\/10\/apple-confirma-que-iphone-adoptara-el-cargador-usb-c-pero-solo-en-la-ue\/","title":{"rendered":"Apple confirma que iPhone adoptar\u00e1 el cargador USB-C, pero solo en la UE."},"content":{"rendered":"\n<p><strong>Apple ha confirmado que cumplir\u00e1n con la nueva legislaci\u00f3n europea<\/strong>\u00a0que impondr\u00e1 el cargador USB tipo C a la mayor\u00eda de dispositivos electr\u00f3nicos desde finales de 2024, prescindiendo del puerto Lightning en\u00a0iPhone, al menos en el mercado europeo.<\/p>\n\n\n\n<p>Ha dejado claro que no est\u00e1n conformes con la medida. &#8220;No tenemos elecci\u00f3n&#8221;; &#8220;Obviamente, tendremos que cumplir [con la legislaci\u00f3n]&#8221;, as\u00ed lo se\u00f1al\u00f3 el vicepresidente senior de Marketing mundial de\u00a0Apple, <strong>Greg Joswiak<\/strong>, qui\u00e9n ha confirmado la obligatoriedad de incorporar un puerto USB tipo C a todos los iPhone.., durante su participaci\u00f3n, en la conferencia anual Tech Live de The Wall Street Journal.<\/p>\n","protected":false},"excerpt":{"rendered":"<p>Apple ha confirmado que cumplir\u00e1n con la nueva legislaci\u00f3n europea\u00a0que impondr\u00e1 el cargador USB tipo C a la mayor\u00eda de dispositivos electr\u00f3nicos desde finales de 2024, prescindiendo del puerto Lightning en\u00a0iPhone, al menos en el mercado europeo. Ha dejado claro que no est\u00e1n conformes con la medida. &#8220;No tenemos elecci\u00f3n&#8221;; &#8220;Obviamente, tendremos que cumplir [con &hellip;<\/p>","protected":false},"author":2,"featured_media":18467,"comment_status":"closed","ping_status":"closed","sticky":false,"template":"","format":"standard","meta":{"jetpack_post_was_ever_published":false,"_jetpack_newsletter_access":"","_jetpack_dont_email_post_to_subs":false,"_jetpack_newsletter_tier_id":0,"_jetpack_memberships_contains_paywalled_content":false,"_jetpack_memberships_contains_paid_content":false,"footnotes":"","jetpack_publicize_message":"","jetpack_publicize_feature_enabled":true,"jetpack_social_post_already_shared":true,"jetpack_social_options":{"image_generator_settings":{"template":"highway","default_image_id":0,"font":"","enabled":false},"version":2}},"categories":[5],"tags":[1034],"class_list":["post-18466","post","type-post","status-publish","format-standard","has-post-thumbnail","hentry","category-apple","tag-actualidad"],"jetpack_publicize_connections":[],"jetpack_featured_media_url":"https:\/\/www.macquero.com\/wp-content\/uploads\/2022\/10\/ph.jpg","jetpack_sharing_enabled":true,"_links":{"self":[{"href":"https:\/\/www.macquero.com\/en\/wp-json\/wp\/v2\/posts\/18466","targetHints":{"allow":["GET"]}}],"collection":[{"href":"https:\/\/www.macquero.com\/en\/wp-json\/wp\/v2\/posts"}],"about":[{"href":"https:\/\/www.macquero.com\/en\/wp-json\/wp\/v2\/types\/post"}],"author":[{"embeddable":true,"href":"https:\/\/www.macquero.com\/en\/wp-json\/wp\/v2\/users\/2"}],"replies":[{"embeddable":true,"href":"https:\/\/www.macquero.com\/en\/wp-json\/wp\/v2\/comments?post=18466"}],"version-history":[{"count":1,"href":"https:\/\/www.macquero.com\/en\/wp-json\/wp\/v2\/posts\/18466\/revisions"}],"predecessor-version":[{"id":18468,"href":"https:\/\/www.macquero.com\/en\/wp-json\/wp\/v2\/posts\/18466\/revisions\/18468"}],"wp:featuredmedia":[{"embeddable":true,"href":"https:\/\/www.macquero.com\/en\/wp-json\/wp\/v2\/media\/18467"}],"wp:attachment":[{"href":"https:\/\/www.macquero.com\/en\/wp-json\/wp\/v2\/media?parent=18466"}],"wp:term":[{"taxonomy":"category","embeddable":true,"href":"https:\/\/www.macquero.com\/en\/wp-json\/wp\/v2\/categories?post=18466"},{"taxonomy":"post_tag","embeddable":true,"href":"https:\/\/www.macquero.com\/en\/wp-json\/wp\/v2\/tags?post=18466"}],"curies":[{"name":"wp","href":"https:\/\/api.w.org\/{rel}","templated":true}]}}