{"id":18395,"date":"2022-10-24T00:25:00","date_gmt":"2022-10-24T05:25:00","guid":{"rendered":"https:\/\/www.macquero.com\/?p=18395"},"modified":"2022-10-21T23:51:40","modified_gmt":"2022-10-22T04:51:40","slug":"barbaros-temporada-2","status":"publish","type":"post","link":"https:\/\/www.macquero.com\/en\/2022\/10\/barbaros-temporada-2\/","title":{"rendered":"B\u00e1rbaros. &#8211; Barbaren. Temporada 2."},"content":{"rendered":"<p>Puntuaci\u00f3n: &#x2b50;&#x2b50;&#x2b50;&#x2b50;<\/p>\n\n\n\n<p>Si ya viste la <a href=\"https:\/\/www.macquero.com\/en\/2020\/10\/estreno-barbaros-barbaren\/\" data-type=\"URL\" data-id=\"https:\/\/www.macquero.com\/2020\/10\/estreno-barbaros-barbaren\/\" target=\"_blank\" rel=\"noreferrer noopener\">primera temporada<\/a> debes saber que es una serie con grandes escenas de acci\u00f3n.<\/p>\n\n\n\n<p><strong>\u201cB\u00e1rbaros\u201d<\/strong>, sorprendi\u00f3 a todos en 2020 y se convirti\u00f3 r\u00e1pidamente en&nbsp;<strong>una de las series originales m\u00e1s populares de la plataforma<\/strong>. Dos a\u00f1os despu\u00e9s, la serie alemana vuelve con su segunda temporada.<\/p>\n\n\n\n<h2 class=\"wp-block-heading\">Sipnosis<\/h2>\n\n\n\n<p>En la temporada 2 de \u201cB\u00e1rbaros\u201d, un a\u00f1o despu\u00e9s de la derrota de Varo, un nuevo general romano se instala en Germania mientras Ari (<strong>Laurence Rupp<\/strong>) busca convertirse en rey de todas las tribus&#8230;, pero hay un rival en su camino.<\/p>\n\n\n\n<p>Debo aclarar: no tiene un cierre \u00e9pico como su primera entrega. (Ya sabes qu\u00e9 no me gusta lanzar spoilers) pero, es necesaria una tercera temporada. Espero no la cancelen. <\/p>","protected":false},"excerpt":{"rendered":"<p>Puntuaci\u00f3n: &#x2b50;&#x2b50;&#x2b50;&#x2b50; Si ya viste la primera temporada debes saber que es una serie con grandes escenas de acci\u00f3n. \u201cB\u00e1rbaros\u201d, sorprendi\u00f3 a todos en 2020 y se convirti\u00f3 r\u00e1pidamente en&nbsp;una de las series originales m\u00e1s populares de la plataforma. Dos a\u00f1os despu\u00e9s, la serie alemana vuelve con su segunda temporada. Sipnosis En la temporada 2 &hellip;<\/p>","protected":false},"author":2,"featured_media":18400,"comment_status":"closed","ping_status":"closed","sticky":false,"template":"","format":"standard","meta":{"jetpack_post_was_ever_published":false,"_jetpack_newsletter_access":"","_jetpack_dont_email_post_to_subs":false,"_jetpack_newsletter_tier_id":0,"_jetpack_memberships_contains_paywalled_content":false,"_jetpack_memberships_contains_paid_content":false,"footnotes":"","jetpack_publicize_message":"","jetpack_publicize_feature_enabled":true,"jetpack_social_post_already_shared":true,"jetpack_social_options":{"image_generator_settings":{"template":"highway","default_image_id":0,"font":"","enabled":false},"version":2}},"categories":[1007,733],"tags":[779,829],"class_list":["post-18395","post","type-post","status-publish","format-standard","has-post-thumbnail","hentry","category-avances","category-originales-de-netflix","tag-emocionante","tag-violento"],"jetpack_publicize_connections":[],"jetpack_featured_media_url":"https:\/\/www.macquero.com\/wp-content\/uploads\/2022\/10\/ba.jpg","jetpack_sharing_enabled":true,"_links":{"self":[{"href":"https:\/\/www.macquero.com\/en\/wp-json\/wp\/v2\/posts\/18395","targetHints":{"allow":["GET"]}}],"collection":[{"href":"https:\/\/www.macquero.com\/en\/wp-json\/wp\/v2\/posts"}],"about":[{"href":"https:\/\/www.macquero.com\/en\/wp-json\/wp\/v2\/types\/post"}],"author":[{"embeddable":true,"href":"https:\/\/www.macquero.com\/en\/wp-json\/wp\/v2\/users\/2"}],"replies":[{"embeddable":true,"href":"https:\/\/www.macquero.com\/en\/wp-json\/wp\/v2\/comments?post=18395"}],"version-history":[{"count":6,"href":"https:\/\/www.macquero.com\/en\/wp-json\/wp\/v2\/posts\/18395\/revisions"}],"predecessor-version":[{"id":18406,"href":"https:\/\/www.macquero.com\/en\/wp-json\/wp\/v2\/posts\/18395\/revisions\/18406"}],"wp:featuredmedia":[{"embeddable":true,"href":"https:\/\/www.macquero.com\/en\/wp-json\/wp\/v2\/media\/18400"}],"wp:attachment":[{"href":"https:\/\/www.macquero.com\/en\/wp-json\/wp\/v2\/media?parent=18395"}],"wp:term":[{"taxonomy":"category","embeddable":true,"href":"https:\/\/www.macquero.com\/en\/wp-json\/wp\/v2\/categories?post=18395"},{"taxonomy":"post_tag","embeddable":true,"href":"https:\/\/www.macquero.com\/en\/wp-json\/wp\/v2\/tags?post=18395"}],"curies":[{"name":"wp","href":"https:\/\/api.w.org\/{rel}","templated":true}]}}