{"id":18178,"date":"2022-09-08T08:31:02","date_gmt":"2022-09-08T13:31:02","guid":{"rendered":"https:\/\/www.macquero.com\/?p=18178"},"modified":"2022-09-08T08:31:05","modified_gmt":"2022-09-08T13:31:05","slug":"asi-es-el-nuevo-iphone-14-pro","status":"publish","type":"post","link":"https:\/\/www.macquero.com\/en\/2022\/09\/asi-es-el-nuevo-iphone-14-pro\/","title":{"rendered":"As\u00ed, es el nuevo iPhone 14 Pro."},"content":{"rendered":"<p><strong>Apple\u00a0<\/strong>present\u00f3 el d\u00eda de ayer sus nuevos tel\u00e9fonos iPhone, los\u00a0<strong>iPhone 14 Pro<\/strong>\u00a0y\u00a0<strong>Pro Max los cuales\u00a0<\/strong>se desprenden del\u00a0notch, un elemento presente en los\u00a0<strong>iPhone\u00a0<\/strong>desde 2017. En su lugar, dan la bienvenida a una perforaci\u00f3n doble en la pantalla, a trav\u00e9s de las cuales emergen las c\u00e1maras y los elementos necesarios para\u00a0<strong>Face ID<\/strong>, (el sistema de desbloqueo facial).<\/p>\n\n\n\n<p>Despu\u00e9s del evento en l\u00ednea y presencial que realiz\u00f3 la firma de dirigida por\u00a0<strong>Tim Cook<\/strong>, los\u00a0<strong>precios para M\u00e9xico\u00a0<\/strong>ya fueron liberados&#8230;<\/p>\n\n\n\n<h2 class=\"wp-block-heading\">iPhone 14 Pro<\/h2>\n\n\n\n<p>Pantalla de 6.1 pulgadas<br>Desde 25,999$ pesos mexicanos.<\/p>\n\n\n\n<h2 class=\"wp-block-heading\">iPhone 14 Pro Max<\/h2>\n\n\n\n<p>Pantalla de 6.7\u00a0pulgadas<br>Desde 28,999$ pesos mexicanos. <\/p>\n\n\n\n<p>Por ahora no hay confirmaci\u00f3n de la fecha en que estar\u00e1n disponibles en M\u00e9xico, pero estamos al pendiente de ello.<\/p>","protected":false},"excerpt":{"rendered":"<p>Apple\u00a0present\u00f3 el d\u00eda de ayer sus nuevos tel\u00e9fonos iPhone, los\u00a0iPhone 14 Pro\u00a0y\u00a0Pro Max los cuales\u00a0se desprenden del\u00a0notch, un elemento presente en los\u00a0iPhone\u00a0desde 2017. En su lugar, dan la bienvenida a una perforaci\u00f3n doble en la pantalla, a trav\u00e9s de las cuales emergen las c\u00e1maras y los elementos necesarios para\u00a0Face ID, (el sistema de desbloqueo facial). &hellip;<\/p>","protected":false},"author":2,"featured_media":18179,"comment_status":"closed","ping_status":"closed","sticky":false,"template":"","format":"standard","meta":{"jetpack_post_was_ever_published":false,"_jetpack_newsletter_access":"","_jetpack_dont_email_post_to_subs":false,"_jetpack_newsletter_tier_id":0,"_jetpack_memberships_contains_paywalled_content":false,"_jetpack_memberships_contains_paid_content":false,"footnotes":"","jetpack_publicize_message":"","jetpack_publicize_feature_enabled":true,"jetpack_social_post_already_shared":true,"jetpack_social_options":{"image_generator_settings":{"template":"highway","default_image_id":0,"font":"","enabled":false},"version":2}},"categories":[5],"tags":[1140],"class_list":["post-18178","post","type-post","status-publish","format-standard","has-post-thumbnail","hentry","category-apple","tag-iphone-14"],"jetpack_publicize_connections":[],"jetpack_featured_media_url":"https:\/\/www.macquero.com\/wp-content\/uploads\/2022\/09\/ph.jpg","jetpack_sharing_enabled":true,"_links":{"self":[{"href":"https:\/\/www.macquero.com\/en\/wp-json\/wp\/v2\/posts\/18178","targetHints":{"allow":["GET"]}}],"collection":[{"href":"https:\/\/www.macquero.com\/en\/wp-json\/wp\/v2\/posts"}],"about":[{"href":"https:\/\/www.macquero.com\/en\/wp-json\/wp\/v2\/types\/post"}],"author":[{"embeddable":true,"href":"https:\/\/www.macquero.com\/en\/wp-json\/wp\/v2\/users\/2"}],"replies":[{"embeddable":true,"href":"https:\/\/www.macquero.com\/en\/wp-json\/wp\/v2\/comments?post=18178"}],"version-history":[{"count":1,"href":"https:\/\/www.macquero.com\/en\/wp-json\/wp\/v2\/posts\/18178\/revisions"}],"predecessor-version":[{"id":18180,"href":"https:\/\/www.macquero.com\/en\/wp-json\/wp\/v2\/posts\/18178\/revisions\/18180"}],"wp:featuredmedia":[{"embeddable":true,"href":"https:\/\/www.macquero.com\/en\/wp-json\/wp\/v2\/media\/18179"}],"wp:attachment":[{"href":"https:\/\/www.macquero.com\/en\/wp-json\/wp\/v2\/media?parent=18178"}],"wp:term":[{"taxonomy":"category","embeddable":true,"href":"https:\/\/www.macquero.com\/en\/wp-json\/wp\/v2\/categories?post=18178"},{"taxonomy":"post_tag","embeddable":true,"href":"https:\/\/www.macquero.com\/en\/wp-json\/wp\/v2\/tags?post=18178"}],"curies":[{"name":"wp","href":"https:\/\/api.w.org\/{rel}","templated":true}]}}