{"id":18115,"date":"2022-08-25T23:50:48","date_gmt":"2022-08-26T04:50:48","guid":{"rendered":"https:\/\/www.macquero.com\/?p=18115"},"modified":"2022-08-25T23:50:59","modified_gmt":"2022-08-26T04:50:59","slug":"el-escandalo","status":"publish","type":"post","link":"https:\/\/www.macquero.com\/en\/2022\/08\/el-escandalo\/","title":{"rendered":"El esc\u00e1ndalo."},"content":{"rendered":"<p>Puntuaci\u00f3n: &#x2b50;&#x2b50;&#x2b50;<strong>&#x2b50;<\/strong><\/p>\n\n\n\n<p>Nuestra siguiente recomendaci\u00f3n es tendencia.<\/p>\n\n\n\n<h2 class=\"wp-block-heading\">Sipnosis<\/h2>\n\n\n\n<p>La periodista Gretchen Carlson (<a href=\"https:\/\/www.instagram.com\/nicolekidman\" data-type=\"URL\" data-id=\"https:\/\/www.instagram.com\/nicolekidman\" target=\"_blank\" rel=\"noreferrer noopener\">Nicole Kidman<\/a>) denuncia a Roger Ailes (<strong>John Lithgow<\/strong>), fundador de Fox News, por acoso sexual. La demanda es el detonante de una cadena de reacciones de otras mujeres que tambi\u00e9n sufrieron el hostigamiento del poderoso ejecutivo.<\/p>\n\n\n\n<p>En 2016, la cadena\u00a0<strong>Fox News<\/strong>\u00a0vivi\u00f3 uno de los mayores esc\u00e1ndalos medi\u00e1ticos de los \u00faltimos a\u00f1os, cuando una de sus m\u00e1s recientes ex empleadas,\u00a0<strong>Gretchen Carlson<\/strong>, denunci\u00f3 al fundador y CEO,\u00a0<strong>Roger Ailes<\/strong>, de acoso sexual. Aunque lo realmente &#8220;escandaloso&#8221; fue lo que vino despu\u00e9s, cuando m\u00e1s de una veintena de mujeres afirmaron haber sido v\u00edctimas del magnate y todos los secretos de su imperio salieron a la luz.<\/p>","protected":false},"excerpt":{"rendered":"<p>Puntuaci\u00f3n: &#x2b50;&#x2b50;&#x2b50;&#x2b50; Nuestra siguiente recomendaci\u00f3n es tendencia. Sipnosis La periodista Gretchen Carlson (Nicole Kidman) denuncia a Roger Ailes (John Lithgow), fundador de Fox News, por acoso sexual. La demanda es el detonante de una cadena de reacciones de otras mujeres que tambi\u00e9n sufrieron el hostigamiento del poderoso ejecutivo. En 2016, la cadena\u00a0Fox News\u00a0vivi\u00f3 uno de &hellip;<\/p>","protected":false},"author":2,"featured_media":18117,"comment_status":"closed","ping_status":"closed","sticky":false,"template":"","format":"standard","meta":{"jetpack_post_was_ever_published":false,"_jetpack_newsletter_access":"","_jetpack_dont_email_post_to_subs":false,"_jetpack_newsletter_tier_id":0,"_jetpack_memberships_contains_paywalled_content":false,"_jetpack_memberships_contains_paid_content":false,"footnotes":"","jetpack_publicize_message":"","jetpack_publicize_feature_enabled":true,"jetpack_social_post_already_shared":true,"jetpack_social_options":{"image_generator_settings":{"template":"highway","default_image_id":0,"font":"","enabled":false},"version":2}},"categories":[766],"tags":[303],"class_list":["post-18115","post","type-post","status-publish","format-standard","has-post-thumbnail","hentry","category-cine-netflix","tag-drama"],"jetpack_publicize_connections":[],"jetpack_featured_media_url":"https:\/\/www.macquero.com\/wp-content\/uploads\/2022\/08\/fo.jpg","jetpack_sharing_enabled":true,"_links":{"self":[{"href":"https:\/\/www.macquero.com\/en\/wp-json\/wp\/v2\/posts\/18115","targetHints":{"allow":["GET"]}}],"collection":[{"href":"https:\/\/www.macquero.com\/en\/wp-json\/wp\/v2\/posts"}],"about":[{"href":"https:\/\/www.macquero.com\/en\/wp-json\/wp\/v2\/types\/post"}],"author":[{"embeddable":true,"href":"https:\/\/www.macquero.com\/en\/wp-json\/wp\/v2\/users\/2"}],"replies":[{"embeddable":true,"href":"https:\/\/www.macquero.com\/en\/wp-json\/wp\/v2\/comments?post=18115"}],"version-history":[{"count":1,"href":"https:\/\/www.macquero.com\/en\/wp-json\/wp\/v2\/posts\/18115\/revisions"}],"predecessor-version":[{"id":18116,"href":"https:\/\/www.macquero.com\/en\/wp-json\/wp\/v2\/posts\/18115\/revisions\/18116"}],"wp:featuredmedia":[{"embeddable":true,"href":"https:\/\/www.macquero.com\/en\/wp-json\/wp\/v2\/media\/18117"}],"wp:attachment":[{"href":"https:\/\/www.macquero.com\/en\/wp-json\/wp\/v2\/media?parent=18115"}],"wp:term":[{"taxonomy":"category","embeddable":true,"href":"https:\/\/www.macquero.com\/en\/wp-json\/wp\/v2\/categories?post=18115"},{"taxonomy":"post_tag","embeddable":true,"href":"https:\/\/www.macquero.com\/en\/wp-json\/wp\/v2\/tags?post=18115"}],"curies":[{"name":"wp","href":"https:\/\/api.w.org\/{rel}","templated":true}]}}