{"id":18090,"date":"2022-08-23T00:01:00","date_gmt":"2022-08-23T05:01:00","guid":{"rendered":"https:\/\/www.macquero.com\/?p=18090"},"modified":"2022-08-21T00:14:51","modified_gmt":"2022-08-21T05:14:51","slug":"365-dias-mas","status":"publish","type":"post","link":"https:\/\/www.macquero.com\/en\/2022\/08\/365-dias-mas\/","title":{"rendered":"365\u00a0d\u00edas m\u00e1s."},"content":{"rendered":"<p>Puntuaci\u00f3n: &#x2b50;&#x2b50;&#x2b50;<\/p>\n\n\n\n<p>Despu\u00e9s del fallido estreno de su <a rel=\"noreferrer noopener\" href=\"https:\/\/www.macquero.com\/en\/2022\/04\/365-dni-aquel-dia\/\" data-type=\"URL\" data-id=\"https:\/\/www.macquero.com\/2022\/04\/365-dni-aquel-dia\/\" target=\"_blank\">segunda pel\u00edcula<\/a>, finalmente llegamos al t\u00e9rmino de la trilog\u00eda, con un plot twist con m\u00e1s de lo mismo, (risas) eso s\u00ed, tengo que decir que la escena LGBT con el reparto masculino en esta pel\u00edcula no me cuadr\u00f3.  <\/p>\n\n\n\n<p>La cr\u00edtica del sector especializado tambi\u00e9n ha emitido algunas opiniones interesantes, y c\u00f3mo era de esperar no precisamente positivas.<\/p>\n\n\n\n<p>De cualquier manera, y a pesar de los aspectos negativos del gui\u00f3n, personalmente la vi, por el reparto de sus bellas mujeres. Espec\u00edficamente por la actriz <a rel=\"noreferrer noopener\" href=\"https:\/\/www.instagram.com\/anna_maria.sieklucka\/\" data-type=\"URL\" data-id=\"https:\/\/www.instagram.com\/anna_maria.sieklucka\/\" target=\"_blank\">Anna-Maria Sieklucka<\/a> y la modelo <a rel=\"noreferrer noopener\" href=\"https:\/\/www.instagram.com\/nataliasiwiec.official\/?hl=es\" data-type=\"URL\" data-id=\"https:\/\/www.instagram.com\/nataliasiwiec.official\/?hl=es\" target=\"_blank\">Natalia Siwiec<\/a>. <\/p>\n\n\n\n<p>Si tuviera que a\u00f1adir algo m\u00e1s, ninguna como <a href=\"https:\/\/www.macquero.com\/en\/2020\/06\/estreno-365-dni-365-dias\/\" data-type=\"URL\" data-id=\"https:\/\/www.macquero.com\/2020\/06\/estreno-365-dni-365-dias\/\" target=\"_blank\" rel=\"noreferrer noopener\">la primera<\/a>. <\/p>","protected":false},"excerpt":{"rendered":"<p>Puntuaci\u00f3n: &#x2b50;&#x2b50;&#x2b50; Despu\u00e9s del fallido estreno de su segunda pel\u00edcula, finalmente llegamos al t\u00e9rmino de la trilog\u00eda, con un plot twist con m\u00e1s de lo mismo, (risas) eso s\u00ed, tengo que decir que la escena LGBT con el reparto masculino en esta pel\u00edcula no me cuadr\u00f3. La cr\u00edtica del sector especializado tambi\u00e9n ha emitido algunas &hellip;<\/p>","protected":false},"author":2,"featured_media":18092,"comment_status":"closed","ping_status":"closed","sticky":false,"template":"","format":"standard","meta":{"jetpack_post_was_ever_published":false,"_jetpack_newsletter_access":"","_jetpack_dont_email_post_to_subs":false,"_jetpack_newsletter_tier_id":0,"_jetpack_memberships_contains_paywalled_content":false,"_jetpack_memberships_contains_paid_content":false,"footnotes":"","jetpack_publicize_message":"","jetpack_publicize_feature_enabled":true,"jetpack_social_post_already_shared":true,"jetpack_social_options":{"image_generator_settings":{"template":"highway","default_image_id":0,"font":"","enabled":false},"version":2}},"categories":[766],"tags":[303,849,736,1042],"class_list":["post-18090","post","type-post","status-publish","format-standard","has-post-thumbnail","hentry","category-cine-netflix","tag-drama","tag-intimo","tag-lgbt-dramas","tag-sensual"],"jetpack_publicize_connections":[],"jetpack_featured_media_url":"https:\/\/www.macquero.com\/wp-content\/uploads\/2022\/08\/dn.jpg","jetpack_sharing_enabled":true,"_links":{"self":[{"href":"https:\/\/www.macquero.com\/en\/wp-json\/wp\/v2\/posts\/18090","targetHints":{"allow":["GET"]}}],"collection":[{"href":"https:\/\/www.macquero.com\/en\/wp-json\/wp\/v2\/posts"}],"about":[{"href":"https:\/\/www.macquero.com\/en\/wp-json\/wp\/v2\/types\/post"}],"author":[{"embeddable":true,"href":"https:\/\/www.macquero.com\/en\/wp-json\/wp\/v2\/users\/2"}],"replies":[{"embeddable":true,"href":"https:\/\/www.macquero.com\/en\/wp-json\/wp\/v2\/comments?post=18090"}],"version-history":[{"count":8,"href":"https:\/\/www.macquero.com\/en\/wp-json\/wp\/v2\/posts\/18090\/revisions"}],"predecessor-version":[{"id":18103,"href":"https:\/\/www.macquero.com\/en\/wp-json\/wp\/v2\/posts\/18090\/revisions\/18103"}],"wp:featuredmedia":[{"embeddable":true,"href":"https:\/\/www.macquero.com\/en\/wp-json\/wp\/v2\/media\/18092"}],"wp:attachment":[{"href":"https:\/\/www.macquero.com\/en\/wp-json\/wp\/v2\/media?parent=18090"}],"wp:term":[{"taxonomy":"category","embeddable":true,"href":"https:\/\/www.macquero.com\/en\/wp-json\/wp\/v2\/categories?post=18090"},{"taxonomy":"post_tag","embeddable":true,"href":"https:\/\/www.macquero.com\/en\/wp-json\/wp\/v2\/tags?post=18090"}],"curies":[{"name":"wp","href":"https:\/\/api.w.org\/{rel}","templated":true}]}}