{"id":18076,"date":"2022-08-17T08:40:22","date_gmt":"2022-08-17T13:40:22","guid":{"rendered":"https:\/\/www.macquero.com\/?p=18076"},"modified":"2022-08-17T08:40:25","modified_gmt":"2022-08-17T13:40:25","slug":"estos-seran-todos-los-dispositivos-que-se-presentaran-este-otono-en-el-evento-de-apple","status":"publish","type":"post","link":"https:\/\/www.macquero.com\/en\/2022\/08\/estos-seran-todos-los-dispositivos-que-se-presentaran-este-otono-en-el-evento-de-apple\/","title":{"rendered":"Estos ser\u00e1n todos los dispositivos que se presentar\u00e1n este oto\u00f1o en el evento de Apple."},"content":{"rendered":"<p>El evento de Apple podr\u00eda ocurrir en septiembre 2022, por supuesto por el momento, no hay una fecha confirmada. De todas maneras, deseo compartirte los\u00a0dispositivos\u00a0que se podr\u00edan presentar.<\/p>\n\n\n\n<h2 class=\"wp-block-heading\" id=\"m102-101-103\">iPhone 14<\/h2>\n\n\n\n<p id=\"m107-106-108\">Los nuevos modelos por fin\u00a0eliminar\u00e1n el notch de la pantalla. Apple encontr\u00f3 el m\u00e9todo exacto para esconder bajo los p\u00edxeles los sensores necesarios para Face ID, adem\u00e1s,\u00a0existe la posibilidad de que el\u00a0iPhone 14\u00a0incorpore un chip con m\u00e1s potencia respecto a los A15\u00a0con el objetivo de ofrecer m\u00e1s rendimiento y consumir menos bater\u00eda. <\/p>\n\n\n\n<p id=\"m112-111-113\">Por otro lado,\u00a0tendr\u00e1 una memoria RAM de 6 GB, los mAh depender\u00e1n del modelo, una de las lentes ser\u00e1 de 48 MP para grabar v\u00eddeos en 8K e incluso ser\u00e1n capaces de tomar fotograf\u00edas nocturnas de 12 MP con m\u00e1s calidad.<\/p>\n\n\n\n<p id=\"m117-116-118\">El\u00a0tel\u00e9fono\u00a0tendr\u00e1 una\u00a0pantalla de 6,1 pulgadas\u00a0y el\u00a0<strong>precio podr\u00eda aumentar un 15%.<\/strong><\/p>\n\n\n\n<h2 class=\"wp-block-heading\" id=\"m157-156-158\">iPhone 14 Pro + iPhone 14 Pro Max<\/h2>\n\n\n\n<p id=\"m162-161-163\">El tama\u00f1o de sus pantallas ser\u00e1 de 6,1 y 6,7 pulgadas,\u00a0los iPhone 14 Pro tendr\u00e1n Always-On Display junto a la\u00a0tecnolog\u00eda\u00a0Pro Motion\u00a0que permitir\u00e1 de entre 1 y 120 Hz (ahorro de bater\u00eda), y tambi\u00e9n se eliminar\u00e1 el notch.<\/p>\n\n\n\n<p id=\"m167-166-168\">Las c\u00e1maras tendr\u00e1n sensores de 48 mega p\u00edxeles y permitir\u00e1n grabar en 8K.\u00a0iPhone 14 Pro vendr\u00e1 incorporado con el nuevo chip A16 y tendr\u00e1 6\u202fGB de memoria RAM.<\/p>\n\n\n\n<h2 class=\"wp-block-heading\" id=\"m206-205-207\">iPad<\/h2>\n\n\n\n<p id=\"m211-210-212\">Parece que la\u00a0nueva generaci\u00f3n de\u00a0iPad\u00a0de 11 pulgadas\u00a0tendr\u00e1 un nuevo dise\u00f1o,\u00a0compatibilidad con el Apple Pencil 2, un nuevo m\u00f3dulo para la c\u00e1mara trasera, el uso del chip M2, la posible carga inal\u00e1mbrica mediante MagSafe y cambios en los sensores de las c\u00e1maras.<\/p>\n\n\n\n<h2 class=\"wp-block-heading\" id=\"m216-215-217\">AirPods<\/h2>\n\n\n\n<p id=\"m221-220-222\">Podr\u00eda eliminarse el v\u00e1stago de los\u00a0AirPods\u00a0e incluir\u00a0un peque\u00f1o altavoz que nos servir\u00eda de ayuda en caso de p\u00e9rdida.\u00a0Respecto al modelo Max, parece que Apple incluir\u00e1 nuevos colores.<\/p>\n\n\n\n<h2 class=\"wp-block-heading\" id=\"m260-259-261\">Apple Watch Series 8<\/h2>\n\n\n\n<p id=\"m265-264-266\">La edici\u00f3n est\u00e1ndar mantendr\u00e1 el dise\u00f1o del a\u00f1o pasado, incluyendo sus dimensiones, la caja de aluminio con acero inoxidable y con tama\u00f1os de 41 y 45 mil\u00edmetros.\u00a0El modelo Pro ser\u00e1 m\u00e1s robusto y podr\u00eda ser de titanio\u00a0para ofrecer una carcasa m\u00e1s resistente y duradera.<\/p>\n\n\n\n<p id=\"m270-269-271\">Ambos dispositivos tendr\u00e1n una\u00a0actualizaci\u00f3n\u00a0de los chips S8.<\/p>","protected":false},"excerpt":{"rendered":"<p>El evento de Apple podr\u00eda ocurrir en septiembre 2022, por supuesto por el momento, no hay una fecha confirmada. De todas maneras, deseo compartirte los\u00a0dispositivos\u00a0que se podr\u00edan presentar. iPhone 14 Los nuevos modelos por fin\u00a0eliminar\u00e1n el notch de la pantalla. Apple encontr\u00f3 el m\u00e9todo exacto para esconder bajo los p\u00edxeles los sensores necesarios para Face &hellip;<\/p>","protected":false},"author":2,"featured_media":18077,"comment_status":"closed","ping_status":"closed","sticky":false,"template":"","format":"standard","meta":{"jetpack_post_was_ever_published":false,"_jetpack_newsletter_access":"","_jetpack_dont_email_post_to_subs":false,"_jetpack_newsletter_tier_id":0,"_jetpack_memberships_contains_paywalled_content":false,"_jetpack_memberships_contains_paid_content":false,"footnotes":"","jetpack_publicize_message":"","jetpack_publicize_feature_enabled":true,"jetpack_social_post_already_shared":true,"jetpack_social_options":{"image_generator_settings":{"template":"highway","default_image_id":0,"font":"","enabled":false},"version":2}},"categories":[5],"tags":[286],"class_list":["post-18076","post","type-post","status-publish","format-standard","has-post-thumbnail","hentry","category-apple","tag-novedades"],"jetpack_publicize_connections":[],"jetpack_featured_media_url":"https:\/\/www.macquero.com\/wp-content\/uploads\/2022\/08\/pp.jpg","jetpack_sharing_enabled":true,"_links":{"self":[{"href":"https:\/\/www.macquero.com\/en\/wp-json\/wp\/v2\/posts\/18076","targetHints":{"allow":["GET"]}}],"collection":[{"href":"https:\/\/www.macquero.com\/en\/wp-json\/wp\/v2\/posts"}],"about":[{"href":"https:\/\/www.macquero.com\/en\/wp-json\/wp\/v2\/types\/post"}],"author":[{"embeddable":true,"href":"https:\/\/www.macquero.com\/en\/wp-json\/wp\/v2\/users\/2"}],"replies":[{"embeddable":true,"href":"https:\/\/www.macquero.com\/en\/wp-json\/wp\/v2\/comments?post=18076"}],"version-history":[{"count":1,"href":"https:\/\/www.macquero.com\/en\/wp-json\/wp\/v2\/posts\/18076\/revisions"}],"predecessor-version":[{"id":18078,"href":"https:\/\/www.macquero.com\/en\/wp-json\/wp\/v2\/posts\/18076\/revisions\/18078"}],"wp:featuredmedia":[{"embeddable":true,"href":"https:\/\/www.macquero.com\/en\/wp-json\/wp\/v2\/media\/18077"}],"wp:attachment":[{"href":"https:\/\/www.macquero.com\/en\/wp-json\/wp\/v2\/media?parent=18076"}],"wp:term":[{"taxonomy":"category","embeddable":true,"href":"https:\/\/www.macquero.com\/en\/wp-json\/wp\/v2\/categories?post=18076"},{"taxonomy":"post_tag","embeddable":true,"href":"https:\/\/www.macquero.com\/en\/wp-json\/wp\/v2\/tags?post=18076"}],"curies":[{"name":"wp","href":"https:\/\/api.w.org\/{rel}","templated":true}]}}