{"id":18027,"date":"2022-08-11T06:06:40","date_gmt":"2022-08-11T11:06:40","guid":{"rendered":"https:\/\/www.macquero.com\/?p=18027"},"modified":"2022-08-11T06:34:57","modified_gmt":"2022-08-11T11:34:57","slug":"anuncio-cobra-kai-temporada-5-contiene-spoiler","status":"publish","type":"post","link":"https:\/\/www.macquero.com\/en\/2022\/08\/anuncio-cobra-kai-temporada-5-contiene-spoiler\/","title":{"rendered":"Anuncio: Cobra Kai. Temporada 5. (Contiene spoiler)."},"content":{"rendered":"<p>Comenzamos el d\u00eda, con algunas novedades interesantes de la mano del canal de <strong>Zapping Top<\/strong> en YouTube acerca de esta serie. (Dejo la posibilidad de mirar ese video dentro de la nota). C\u00f3mo has de saber su estreno en la plataforma estar\u00eda pautado para el 9 de septiembre del 2022 y, ya hay un tr\u00e1iler oficial que queremos compartir contigo.<\/p>\n\n\n\n<p>Im\u00e1genes in\u00e9ditas en Zapping Top.<\/p>\n\n\n\n<figure class=\"wp-block-embed is-type-rich is-provider-gestor-del-servicio wp-block-embed-gestor-del-servicio wp-embed-aspect-16-9 wp-has-aspect-ratio\"><div class=\"wp-block-embed__wrapper\">\n<span class=\"embed-youtube\" style=\"text-align:center; display: block;\"><iframe loading=\"lazy\" class=\"youtube-player\" width=\"640\" height=\"360\" src=\"https:\/\/www.youtube.com\/embed\/haKhcuWP2gk?version=3&#038;rel=1&#038;showsearch=0&#038;showinfo=1&#038;iv_load_policy=1&#038;fs=1&#038;hl=en-US&#038;autohide=2&#038;wmode=transparent\" allowfullscreen=\"true\" style=\"border:0;\" sandbox=\"allow-scripts allow-same-origin allow-popups allow-presentation allow-popups-to-escape-sandbox\"><\/iframe><\/span>\n<\/div><\/figure>\n\n\n\n<p>Entre las novedades m\u00e1s destacadas de la temporada es la aparici\u00f3n del personaje interpretado por el actor <a rel=\"noreferrer noopener\" href=\"https:\/\/www.instagram.com\/sean.kanan\" data-type=\"URL\" data-id=\"https:\/\/www.instagram.com\/sean.kanan\" target=\"_blank\">Sean Kanan<\/a>. El cu\u00e1l todav\u00eda se desconoce cual ser\u00eda su papel en el set de filmaci\u00f3n. Otros de los  personajes m\u00e1s esperados, es el que interpreta el actor (<a rel=\"noreferrer noopener\" href=\"https:\/\/www.instagram.com\/yuji_okumoto\" data-type=\"URL\" data-id=\"https:\/\/www.instagram.com\/yuji_okumoto\" target=\"_blank\">Yuji Okumoto<\/a>), del cu\u00e1l esperamos ver escenas ic\u00f3nicas, que nos recuerden un poco la esencia del Miyagi-Do Karate. <\/p>\n\n\n\n<p>OMG! OMG! OMG! <\/p>\n\n\n\n<p>\u00bf<a href=\"https:\/\/www.instagram.com\/hilaryswank\" data-type=\"URL\" data-id=\"https:\/\/www.instagram.com\/hilaryswank\" target=\"_blank\" rel=\"noreferrer noopener\">Hilary Swank<\/a>? La verdad es qu\u00e9 aparece de forma imprevista en el tr\u00e1iler oficial.  <\/p>","protected":false},"excerpt":{"rendered":"<p>Comenzamos el d\u00eda, con algunas novedades interesantes de la mano del canal de Zapping Top en YouTube acerca de esta serie. (Dejo la posibilidad de mirar ese video dentro de la nota). C\u00f3mo has de saber su estreno en la plataforma estar\u00eda pautado para el 9 de septiembre del 2022 y, ya hay un tr\u00e1iler &hellip;<\/p>","protected":false},"author":2,"featured_media":18028,"comment_status":"closed","ping_status":"closed","sticky":false,"template":"","format":"standard","meta":{"jetpack_post_was_ever_published":false,"_jetpack_newsletter_access":"","_jetpack_dont_email_post_to_subs":false,"_jetpack_newsletter_tier_id":0,"_jetpack_memberships_contains_paywalled_content":false,"_jetpack_memberships_contains_paid_content":false,"footnotes":"","jetpack_publicize_message":"","jetpack_publicize_feature_enabled":true,"jetpack_social_post_already_shared":true,"jetpack_social_options":{"image_generator_settings":{"template":"highway","default_image_id":0,"font":"","enabled":false},"version":2}},"categories":[1007],"tags":[1136],"class_list":["post-18027","post","type-post","status-publish","format-standard","has-post-thumbnail","hentry","category-avances","tag-lo-mas-actual"],"jetpack_publicize_connections":[],"jetpack_featured_media_url":"https:\/\/www.macquero.com\/wp-content\/uploads\/2022\/08\/ak.jpg","jetpack_sharing_enabled":true,"_links":{"self":[{"href":"https:\/\/www.macquero.com\/en\/wp-json\/wp\/v2\/posts\/18027","targetHints":{"allow":["GET"]}}],"collection":[{"href":"https:\/\/www.macquero.com\/en\/wp-json\/wp\/v2\/posts"}],"about":[{"href":"https:\/\/www.macquero.com\/en\/wp-json\/wp\/v2\/types\/post"}],"author":[{"embeddable":true,"href":"https:\/\/www.macquero.com\/en\/wp-json\/wp\/v2\/users\/2"}],"replies":[{"embeddable":true,"href":"https:\/\/www.macquero.com\/en\/wp-json\/wp\/v2\/comments?post=18027"}],"version-history":[{"count":7,"href":"https:\/\/www.macquero.com\/en\/wp-json\/wp\/v2\/posts\/18027\/revisions"}],"predecessor-version":[{"id":18036,"href":"https:\/\/www.macquero.com\/en\/wp-json\/wp\/v2\/posts\/18027\/revisions\/18036"}],"wp:featuredmedia":[{"embeddable":true,"href":"https:\/\/www.macquero.com\/en\/wp-json\/wp\/v2\/media\/18028"}],"wp:attachment":[{"href":"https:\/\/www.macquero.com\/en\/wp-json\/wp\/v2\/media?parent=18027"}],"wp:term":[{"taxonomy":"category","embeddable":true,"href":"https:\/\/www.macquero.com\/en\/wp-json\/wp\/v2\/categories?post=18027"},{"taxonomy":"post_tag","embeddable":true,"href":"https:\/\/www.macquero.com\/en\/wp-json\/wp\/v2\/tags?post=18027"}],"curies":[{"name":"wp","href":"https:\/\/api.w.org\/{rel}","templated":true}]}}