{"id":17967,"date":"2022-08-02T00:30:00","date_gmt":"2022-08-02T05:30:00","guid":{"rendered":"https:\/\/www.macquero.com\/?p=17967"},"modified":"2022-08-01T01:22:04","modified_gmt":"2022-08-01T06:22:04","slug":"la-experiencia-de-tener-todo-en-un-solo-lugar","status":"publish","type":"post","link":"https:\/\/www.macquero.com\/en\/2022\/08\/la-experiencia-de-tener-todo-en-un-solo-lugar\/","title":{"rendered":"La experiencia de tener todo en un solo lugar."},"content":{"rendered":"<p>Facebook implement\u00f3 hace algunos d\u00edas atr\u00e1s, la posibilidad de tener nuestras p\u00e1ginas de uso comercial c\u00f3mo perfil independiente. <\/p>\n\n\n\n<p>La p\u00e1gina, por s\u00ed sola, ya tiene un objetivo diferente. La propuesta no es ampliar tus intereses o compartir tus novedades diarias con amigos y conocidos, sino&nbsp;<strong>presentar contenidos de una forma m\u00e1s profesional y comprometida con ciertos objetivos<\/strong>. <\/p>\n\n\n\n<blockquote class=\"wp-block-quote is-layout-flow wp-block-quote-is-layout-flow\"><p>Hoy not\u00e9, que las historias que se publican desde <strong>Instagram<\/strong>, se reflejan tambi\u00e9n autom\u00e1ticamente en las historias de la <strong>p\u00e1gina de Facebook<\/strong> (Meta). <\/p><\/blockquote>\n\n\n\n<p>Pero, si no lo ten\u00edas claro tambi\u00e9n sirve para medir tu propia infraestructura, permitiendo analizar en detalle el rendimiento que est\u00e1n teniendo tus publicaciones.<\/p>\n\n\n\n<p>Un cambio qu\u00e9 lleg\u00f3 para quedarse, y hac\u00eda mucha falta.<\/p>\n\n\n\n<p><a rel=\"noreferrer noopener\" href=\"https:\/\/www.tiendanube.com\/herramientas\/generador-nombres\" target=\"_blank\"><\/a><\/p>","protected":false},"excerpt":{"rendered":"<p>Facebook implement\u00f3 hace algunos d\u00edas atr\u00e1s, la posibilidad de tener nuestras p\u00e1ginas de uso comercial c\u00f3mo perfil independiente. La p\u00e1gina, por s\u00ed sola, ya tiene un objetivo diferente. La propuesta no es ampliar tus intereses o compartir tus novedades diarias con amigos y conocidos, sino&nbsp;presentar contenidos de una forma m\u00e1s profesional y comprometida con ciertos &hellip;<\/p>","protected":false},"author":2,"featured_media":17969,"comment_status":"closed","ping_status":"closed","sticky":false,"template":"","format":"standard","meta":{"jetpack_post_was_ever_published":false,"_jetpack_newsletter_access":"","_jetpack_dont_email_post_to_subs":false,"_jetpack_newsletter_tier_id":0,"_jetpack_memberships_contains_paywalled_content":false,"_jetpack_memberships_contains_paid_content":false,"footnotes":"","jetpack_publicize_message":"","jetpack_publicize_feature_enabled":true,"jetpack_social_post_already_shared":true,"jetpack_social_options":{"image_generator_settings":{"template":"highway","default_image_id":0,"font":"","enabled":false},"version":2}},"categories":[1008],"tags":[1132],"class_list":["post-17967","post","type-post","status-publish","format-standard","has-post-thumbnail","hentry","category-transmediatics","tag-redes-sociales"],"jetpack_publicize_connections":[],"jetpack_featured_media_url":"https:\/\/www.macquero.com\/wp-content\/uploads\/2022\/08\/macquero.jpg","jetpack_sharing_enabled":true,"_links":{"self":[{"href":"https:\/\/www.macquero.com\/en\/wp-json\/wp\/v2\/posts\/17967","targetHints":{"allow":["GET"]}}],"collection":[{"href":"https:\/\/www.macquero.com\/en\/wp-json\/wp\/v2\/posts"}],"about":[{"href":"https:\/\/www.macquero.com\/en\/wp-json\/wp\/v2\/types\/post"}],"author":[{"embeddable":true,"href":"https:\/\/www.macquero.com\/en\/wp-json\/wp\/v2\/users\/2"}],"replies":[{"embeddable":true,"href":"https:\/\/www.macquero.com\/en\/wp-json\/wp\/v2\/comments?post=17967"}],"version-history":[{"count":2,"href":"https:\/\/www.macquero.com\/en\/wp-json\/wp\/v2\/posts\/17967\/revisions"}],"predecessor-version":[{"id":17971,"href":"https:\/\/www.macquero.com\/en\/wp-json\/wp\/v2\/posts\/17967\/revisions\/17971"}],"wp:featuredmedia":[{"embeddable":true,"href":"https:\/\/www.macquero.com\/en\/wp-json\/wp\/v2\/media\/17969"}],"wp:attachment":[{"href":"https:\/\/www.macquero.com\/en\/wp-json\/wp\/v2\/media?parent=17967"}],"wp:term":[{"taxonomy":"category","embeddable":true,"href":"https:\/\/www.macquero.com\/en\/wp-json\/wp\/v2\/categories?post=17967"},{"taxonomy":"post_tag","embeddable":true,"href":"https:\/\/www.macquero.com\/en\/wp-json\/wp\/v2\/tags?post=17967"}],"curies":[{"name":"wp","href":"https:\/\/api.w.org\/{rel}","templated":true}]}}