{"id":17937,"date":"2022-07-29T00:39:00","date_gmt":"2022-07-29T05:39:00","guid":{"rendered":"https:\/\/www.macquero.com\/?p=17937"},"modified":"2022-07-28T19:54:58","modified_gmt":"2022-07-29T00:54:58","slug":"apple-trae-para-sus-productos-el-nuevo-puerto-usb-c-en-europa","status":"publish","type":"post","link":"https:\/\/www.macquero.com\/en\/2022\/07\/apple-trae-para-sus-productos-el-nuevo-puerto-usb-c-en-europa\/","title":{"rendered":"Apple trae para sus productos el nuevo puerto USB-C en Europa."},"content":{"rendered":"<p>El iPhone 15, los AirPods Pro 2, las bater\u00edas MagSafe y los dispositivos&nbsp;Magic Keyboard, Magic Trackpad y Magic Mouse para Mac tendr\u00e1n el puerto USB tipo C.<\/p>\n\n\n\n<p id=\"m97-96-98\">Tras un tiempo de negociaciones, en junio de este a\u00f1o, los pa\u00edses miembros de la&nbsp;Uni\u00f3n Europea&nbsp;acordaron establecer un cargador universal para m\u00f3viles, tablets, libros electr\u00f3nicos, consolas, auriculares y c\u00e1maras a partir de oto\u00f1o de 2024.<\/p>\n\n\n\n<p id=\"m102-101-103\">La&nbsp;Comisi\u00f3n Europea lleva impulsando este acuerdo desde hace trece a\u00f1os, adem\u00e1s, tiene los objetivos de&nbsp;reducir los residuos electr\u00f3nicos y facilitar la vida de los consumidores.<\/p>\n\n\n\n<p id=\"m107-106-108\">Los dispositivos de&nbsp;Apple&nbsp;tienen el conector&nbsp;Lightning, no obstante, esta caracter\u00edstica tiene los d\u00edas contados en Europa por la nueva ley.&nbsp;<\/p>\n\n\n\n<p id=\"m112-111-113\">Para que la producci\u00f3n no merme, la compa\u00f1\u00eda ya ofrece los puertos&nbsp;USB-C en los Mac, MacBook, iPad Pro, iPad Air, iPad mini de sexta generaci\u00f3n,&nbsp;Magic Keyboard y los auriculares&nbsp;Beats Flex; pero, \u00bfen qu\u00e9 otros productos veremos este conector?<\/p>\n\n\n\n<h2 class=\"wp-block-heading\" id=\"m152-151-153\">Los nuevos dispositivos con USB-C<\/h2>\n\n\n\n<p id=\"m157-156-158\">El&nbsp;<strong>iPhone 15<\/strong>&nbsp;ya tendr\u00e1 el puerto USB de tipo C en 2023, adem\u00e1s,&nbsp;el&nbsp;<strong>iPad<\/strong>&nbsp;m\u00e1s econ\u00f3mico tambi\u00e9n contar\u00e1 con este conector.<\/p>\n\n\n\n<p id=\"m162-161-163\">Las&nbsp;<strong>bater\u00edas MagSafe<\/strong>&nbsp;y los&nbsp;<strong>AirPods&nbsp;<\/strong>incorporar\u00e1n dicho componente al a\u00f1o que viene, sin embargo, es probable que los&nbsp;<strong>AirPods Pro 2<\/strong>&nbsp;se presenten con el puerto USB-C a finales de a\u00f1o.<\/p>\n\n\n\n<p id=\"m167-166-168\">Los pr\u00f3ximos dispositivos como<strong>&nbsp;Magic Keyboard, Magic Trackpad y Magic Mouse de Apple para&nbsp;Mac<\/strong>&nbsp;tambi\u00e9n contar\u00e1n con USB de tipo C.<\/p>","protected":false},"excerpt":{"rendered":"<p>El iPhone 15, los AirPods Pro 2, las bater\u00edas MagSafe y los dispositivos&nbsp;Magic Keyboard, Magic Trackpad y Magic Mouse para Mac tendr\u00e1n el puerto USB tipo C. Tras un tiempo de negociaciones, en junio de este a\u00f1o, los pa\u00edses miembros de la&nbsp;Uni\u00f3n Europea&nbsp;acordaron establecer un cargador universal para m\u00f3viles, tablets, libros electr\u00f3nicos, consolas, auriculares y &hellip;<\/p>","protected":false},"author":2,"featured_media":17942,"comment_status":"closed","ping_status":"closed","sticky":false,"template":"","format":"standard","meta":{"jetpack_post_was_ever_published":false,"_jetpack_newsletter_access":"","_jetpack_dont_email_post_to_subs":false,"_jetpack_newsletter_tier_id":0,"_jetpack_memberships_contains_paywalled_content":false,"_jetpack_memberships_contains_paid_content":false,"footnotes":"","jetpack_publicize_message":"","jetpack_publicize_feature_enabled":true,"jetpack_social_post_already_shared":true,"jetpack_social_options":{"image_generator_settings":{"template":"highway","default_image_id":0,"font":"","enabled":false},"version":2}},"categories":[5],"tags":[1048],"class_list":["post-17937","post","type-post","status-publish","format-standard","has-post-thumbnail","hentry","category-apple","tag-noticias"],"jetpack_publicize_connections":[],"jetpack_featured_media_url":"https:\/\/www.macquero.com\/wp-content\/uploads\/2022\/07\/pp3.jpg","jetpack_sharing_enabled":true,"_links":{"self":[{"href":"https:\/\/www.macquero.com\/en\/wp-json\/wp\/v2\/posts\/17937","targetHints":{"allow":["GET"]}}],"collection":[{"href":"https:\/\/www.macquero.com\/en\/wp-json\/wp\/v2\/posts"}],"about":[{"href":"https:\/\/www.macquero.com\/en\/wp-json\/wp\/v2\/types\/post"}],"author":[{"embeddable":true,"href":"https:\/\/www.macquero.com\/en\/wp-json\/wp\/v2\/users\/2"}],"replies":[{"embeddable":true,"href":"https:\/\/www.macquero.com\/en\/wp-json\/wp\/v2\/comments?post=17937"}],"version-history":[{"count":2,"href":"https:\/\/www.macquero.com\/en\/wp-json\/wp\/v2\/posts\/17937\/revisions"}],"predecessor-version":[{"id":17941,"href":"https:\/\/www.macquero.com\/en\/wp-json\/wp\/v2\/posts\/17937\/revisions\/17941"}],"wp:featuredmedia":[{"embeddable":true,"href":"https:\/\/www.macquero.com\/en\/wp-json\/wp\/v2\/media\/17942"}],"wp:attachment":[{"href":"https:\/\/www.macquero.com\/en\/wp-json\/wp\/v2\/media?parent=17937"}],"wp:term":[{"taxonomy":"category","embeddable":true,"href":"https:\/\/www.macquero.com\/en\/wp-json\/wp\/v2\/categories?post=17937"},{"taxonomy":"post_tag","embeddable":true,"href":"https:\/\/www.macquero.com\/en\/wp-json\/wp\/v2\/tags?post=17937"}],"curies":[{"name":"wp","href":"https:\/\/api.w.org\/{rel}","templated":true}]}}