{"id":17596,"date":"2022-06-06T20:19:44","date_gmt":"2022-06-07T01:19:44","guid":{"rendered":"https:\/\/www.macquero.com\/?p=17596"},"modified":"2022-06-06T20:21:23","modified_gmt":"2022-06-07T01:21:23","slug":"apple-anuncio-algunas-novedades-interesantes-el-dia-de-hoy","status":"publish","type":"post","link":"https:\/\/www.macquero.com\/en\/2022\/06\/apple-anuncio-algunas-novedades-interesantes-el-dia-de-hoy\/","title":{"rendered":"Apple anunci\u00f3 algunas novedades interesantes el d\u00eda de hoy."},"content":{"rendered":"<p id=\"m92-91-93\">Apple ha anunciado este lunes un nuevo MacBook Air, su computadora port\u00e1til m\u00e1s popular, que estar\u00e1 dotada con el procesador M2,&nbsp;una segunda generaci\u00f3n de sus microchips&nbsp;de fabricaci\u00f3n propia.<\/p>\n\n\n\n<p id=\"m97-96-98\">El M2 es la evoluci\u00f3n del procesador M1 que Apple present\u00f3 en 2020 y que puso fin a m\u00e1s de una d\u00e9cada en la que las computadoras de la empresa estuvieron&nbsp;equipados con chips de Intel.<\/p>\n\n\n\n<h2 class=\"wp-block-heading\">El MacBook Air<\/h2>\n\n\n\n<p id=\"m102-101-103\">Adem\u00e1s de contar con esta tecnolog\u00eda, llegar\u00e1 con un nuevo dise\u00f1o bastante diferente al que ten\u00eda hasta ahora y con una reducci\u00f3n del 20 % en su volumen.<\/p>\n\n\n\n<p id=\"m107-106-108\">El port\u00e1til tendr\u00e1 un grosor de&nbsp;<strong>11,3 mil\u00edmetros y un peso de 1,2 kilos<\/strong>, con una pantalla m\u00e1s grande, de 13,6 pulgadas, una mejor c\u00e1mara y volver\u00e1 a contar con la conexi\u00f3n Magsafe para alimentar la bater\u00eda.<\/p>\n\n\n\n<p id=\"m147-146-148\">El MacBook Air se ofrecer\u00e1 en cuatro colores y estar\u00e1 disponible el mes pr\u00f3ximo, con un&nbsp;<strong>precio inicial de 1.199 d\u00f3lares<\/strong>.&nbsp;La firma tambi\u00e9n equipar\u00e1 con el M2 a su segunda &#8220;port\u00e1til&#8221; m\u00e1s vendida, el MacBook Pro de 13 pulgadas, que mantendr\u00e1 su dise\u00f1o actual y se vender\u00e1 a partir de 1.299 d\u00f3lares.<\/p>\n\n\n\n<h2 class=\"wp-block-heading\">Nuevo sistema operativo<\/h2>\n\n\n\n<p id=\"m152-151-153\">Tambi\u00e9n present\u00f3 un nuevo sistema operativo para sus computadoras,&nbsp;<strong>bautizado como MacOS Ventura<\/strong>&nbsp;y cuyas novedades buscan en buena medida facilitar el trabajo colaborativo a quienes no se encuentran en una misma oficina y la interoperabilidad entre distintos productos de Apple.<\/p>\n\n\n\n<p id=\"m157-156-158\">As\u00ed, por ejemplo, a partir de ahora podr\u00e1 usarse la c\u00e1mara del iPhone como webcam de una computadora o trasladar f\u00e1cilmente una videollamada de un tel\u00e9fono a la&nbsp;<strong>&#8220;port\u00e1til&#8221;<\/strong>.<\/p>\n\n\n\n<h2 class=\"wp-block-heading\">iPad<\/h2>\n\n\n\n<p id=\"m162-161-163\">El iPad tambi\u00e9n recibe una actualizaci\u00f3n de su sistema operativo que mejora la multitarea y&nbsp;<strong>las posibilidades de cooperar con otras personas<\/strong>, por ejemplo con una nueva aplicaci\u00f3n que permite a varias personas trabajar a la vez sobre un mismo lienzo digital.<\/p>\n\n\n\n<h2 class=\"wp-block-heading\">iPhone<\/h2>\n\n\n\n<p id=\"m167-166-168\">Apple, tambi\u00e9n dio a conocer un nuevo sistema operativo para su iPhone, dijo que las novedades de software llegar\u00e1n al p\u00fablico general este oto\u00f1o.<\/p>\n\n\n\n<p id=\"m172-171-173\">La firma de Cupertino (California, EE.UU.) abri\u00f3 con estos anuncios su conferencia anual de&nbsp;<strong>desarrolladores WWDC<\/strong>&nbsp;que, tras dos a\u00f1os en formato virtual por la pandemia, se celebra en esta ocasi\u00f3n con un modelo h\u00edbrido.<\/p>","protected":false},"excerpt":{"rendered":"<p>Apple ha anunciado este lunes un nuevo MacBook Air, su computadora port\u00e1til m\u00e1s popular, que estar\u00e1 dotada con el procesador M2,&nbsp;una segunda generaci\u00f3n de sus microchips&nbsp;de fabricaci\u00f3n propia. El M2 es la evoluci\u00f3n del procesador M1 que Apple present\u00f3 en 2020 y que puso fin a m\u00e1s de una d\u00e9cada en la que las computadoras &hellip;<\/p>","protected":false},"author":2,"featured_media":17599,"comment_status":"closed","ping_status":"closed","sticky":false,"template":"","format":"standard","meta":{"jetpack_post_was_ever_published":false,"_jetpack_newsletter_access":"","_jetpack_dont_email_post_to_subs":false,"_jetpack_newsletter_tier_id":0,"_jetpack_memberships_contains_paywalled_content":false,"_jetpack_memberships_contains_paid_content":false,"footnotes":"","jetpack_publicize_message":"","jetpack_publicize_feature_enabled":true,"jetpack_social_post_already_shared":true,"jetpack_social_options":{"image_generator_settings":{"template":"highway","default_image_id":0,"font":"","enabled":false},"version":2}},"categories":[5],"tags":[1120],"class_list":["post-17596","post","type-post","status-publish","format-standard","has-post-thumbnail","hentry","category-apple","tag-evento"],"jetpack_publicize_connections":[],"jetpack_featured_media_url":"https:\/\/www.macquero.com\/wp-content\/uploads\/2022\/06\/ap.jpg","jetpack_sharing_enabled":true,"_links":{"self":[{"href":"https:\/\/www.macquero.com\/en\/wp-json\/wp\/v2\/posts\/17596","targetHints":{"allow":["GET"]}}],"collection":[{"href":"https:\/\/www.macquero.com\/en\/wp-json\/wp\/v2\/posts"}],"about":[{"href":"https:\/\/www.macquero.com\/en\/wp-json\/wp\/v2\/types\/post"}],"author":[{"embeddable":true,"href":"https:\/\/www.macquero.com\/en\/wp-json\/wp\/v2\/users\/2"}],"replies":[{"embeddable":true,"href":"https:\/\/www.macquero.com\/en\/wp-json\/wp\/v2\/comments?post=17596"}],"version-history":[{"count":4,"href":"https:\/\/www.macquero.com\/en\/wp-json\/wp\/v2\/posts\/17596\/revisions"}],"predecessor-version":[{"id":17601,"href":"https:\/\/www.macquero.com\/en\/wp-json\/wp\/v2\/posts\/17596\/revisions\/17601"}],"wp:featuredmedia":[{"embeddable":true,"href":"https:\/\/www.macquero.com\/en\/wp-json\/wp\/v2\/media\/17599"}],"wp:attachment":[{"href":"https:\/\/www.macquero.com\/en\/wp-json\/wp\/v2\/media?parent=17596"}],"wp:term":[{"taxonomy":"category","embeddable":true,"href":"https:\/\/www.macquero.com\/en\/wp-json\/wp\/v2\/categories?post=17596"},{"taxonomy":"post_tag","embeddable":true,"href":"https:\/\/www.macquero.com\/en\/wp-json\/wp\/v2\/tags?post=17596"}],"curies":[{"name":"wp","href":"https:\/\/api.w.org\/{rel}","templated":true}]}}