{"id":17586,"date":"2022-06-05T07:51:31","date_gmt":"2022-06-05T12:51:31","guid":{"rendered":"https:\/\/www.macquero.com\/?p=17586"},"modified":"2022-06-05T07:51:34","modified_gmt":"2022-06-05T12:51:34","slug":"apple-podria-presentar-en-unos-dias-su-mascara-de-realidad-aumentada","status":"publish","type":"post","link":"https:\/\/www.macquero.com\/en\/2022\/06\/apple-podria-presentar-en-unos-dias-su-mascara-de-realidad-aumentada\/","title":{"rendered":"Apple podr\u00eda presentar en unos d\u00edas su m\u00e1scara de realidad aumentada."},"content":{"rendered":"<p>Los rumores sobre lo que\u00a0Apple\u00a0va a presentar en su Conferencia Mundial de Desarrolladores (WWDC) de este a\u00f1o no paran de crecer a medida que se acerca la fecha. El \u00faltimo que est\u00e1 dando bastante de qu\u00e9 hablar es\u00a0la posibilidad de que la marca de la manzana est\u00e9 a punto de lanzar unas m\u00e1scaras de\u00a0realidad aumentada.<\/p>\n\n\n\n<p>Esta informaci\u00f3n est\u00e1 cobrando cada vez m\u00e1s sentido, sobre todo despu\u00e9s de que la compa\u00f1\u00eda haya registrado patentes que hacen alusi\u00f3n a un sistema operativo llamado \u2018realityOS\u2019.<\/p>\n\n\n\n<p>Por el momento, los analistas son claros y siguen creyendo que no veremos unas m\u00e1scaras de realidad aumentada este a\u00f1o, pero algunos empiezan a considerar la posibilidad de que se adelante algo sobre el sistema operativo que se anunciar\u00e1 en el evento.\u00a0<\/p>\n\n\n\n<blockquote class=\"wp-block-quote is-layout-flow wp-block-quote-is-layout-flow\"><p><strong>Mark Gurman, de Bloomberg, opina que Apple no nos dejar\u00e1 con las ganas\u00a0<\/strong>y que, al menos, lanzar\u00e1n el visor de realidad mixta para los desarrolladores.<\/p><\/blockquote>\n\n\n\n<p><\/p>","protected":false},"excerpt":{"rendered":"<p>Los rumores sobre lo que\u00a0Apple\u00a0va a presentar en su Conferencia Mundial de Desarrolladores (WWDC) de este a\u00f1o no paran de crecer a medida que se acerca la fecha. El \u00faltimo que est\u00e1 dando bastante de qu\u00e9 hablar es\u00a0la posibilidad de que la marca de la manzana est\u00e9 a punto de lanzar unas m\u00e1scaras de\u00a0realidad aumentada. &hellip;<\/p>","protected":false},"author":2,"featured_media":17587,"comment_status":"closed","ping_status":"closed","sticky":false,"template":"","format":"standard","meta":{"jetpack_post_was_ever_published":false,"_jetpack_newsletter_access":"","_jetpack_dont_email_post_to_subs":false,"_jetpack_newsletter_tier_id":0,"_jetpack_memberships_contains_paywalled_content":false,"_jetpack_memberships_contains_paid_content":false,"footnotes":"","jetpack_publicize_message":"","jetpack_publicize_feature_enabled":true,"jetpack_social_post_already_shared":true,"jetpack_social_options":{"image_generator_settings":{"template":"highway","default_image_id":0,"font":"","enabled":false},"version":2}},"categories":[5],"tags":[1048],"class_list":["post-17586","post","type-post","status-publish","format-standard","has-post-thumbnail","hentry","category-apple","tag-noticias"],"jetpack_publicize_connections":[],"jetpack_featured_media_url":"https:\/\/www.macquero.com\/wp-content\/uploads\/2022\/06\/tr.jpg","jetpack_sharing_enabled":true,"_links":{"self":[{"href":"https:\/\/www.macquero.com\/en\/wp-json\/wp\/v2\/posts\/17586","targetHints":{"allow":["GET"]}}],"collection":[{"href":"https:\/\/www.macquero.com\/en\/wp-json\/wp\/v2\/posts"}],"about":[{"href":"https:\/\/www.macquero.com\/en\/wp-json\/wp\/v2\/types\/post"}],"author":[{"embeddable":true,"href":"https:\/\/www.macquero.com\/en\/wp-json\/wp\/v2\/users\/2"}],"replies":[{"embeddable":true,"href":"https:\/\/www.macquero.com\/en\/wp-json\/wp\/v2\/comments?post=17586"}],"version-history":[{"count":1,"href":"https:\/\/www.macquero.com\/en\/wp-json\/wp\/v2\/posts\/17586\/revisions"}],"predecessor-version":[{"id":17588,"href":"https:\/\/www.macquero.com\/en\/wp-json\/wp\/v2\/posts\/17586\/revisions\/17588"}],"wp:featuredmedia":[{"embeddable":true,"href":"https:\/\/www.macquero.com\/en\/wp-json\/wp\/v2\/media\/17587"}],"wp:attachment":[{"href":"https:\/\/www.macquero.com\/en\/wp-json\/wp\/v2\/media?parent=17586"}],"wp:term":[{"taxonomy":"category","embeddable":true,"href":"https:\/\/www.macquero.com\/en\/wp-json\/wp\/v2\/categories?post=17586"},{"taxonomy":"post_tag","embeddable":true,"href":"https:\/\/www.macquero.com\/en\/wp-json\/wp\/v2\/tags?post=17586"}],"curies":[{"name":"wp","href":"https:\/\/api.w.org\/{rel}","templated":true}]}}