{"id":17501,"date":"2022-05-28T00:54:00","date_gmt":"2022-05-28T05:54:00","guid":{"rendered":"https:\/\/www.macquero.com\/?p=17501"},"modified":"2022-05-25T20:10:17","modified_gmt":"2022-05-26T01:10:17","slug":"el-proximo-wwdc-22-de-apple-sera-el-lunes-6-de-junio-y-durara-hasta-el-dia-10","status":"publish","type":"post","link":"https:\/\/www.macquero.com\/en\/2022\/05\/el-proximo-wwdc-22-de-apple-sera-el-lunes-6-de-junio-y-durara-hasta-el-dia-10\/","title":{"rendered":"El pr\u00f3ximo WWDC 22 de Apple ser\u00e1 el lunes 6 de junio y durar\u00e1 hasta el d\u00eda 10."},"content":{"rendered":"<p>La Conferencia Mundial de Desarrolladores de&nbsp;Apple&nbsp;(WWDC 2022) est\u00e1 a punto de comenzar&nbsp;el pr\u00f3ximo lunes 6 de junio y durar\u00e1 toda la semana en curso.&nbsp;Para este evento se espera que se anuncien novedades sobre su software y otros aspectos tecnol\u00f3gicos.<\/p>\n\n\n\n<p>Seg\u00fan explicaron<a rel=\"noreferrer noopener\" href=\"https:\/\/www.apple.com\/newsroom\/2022\/04\/apples-worldwide-developers-conference-returns-in-its-all-online-format\/\" target=\"_blank\">&nbsp;el 5 de abril&nbsp;<\/a>de este a\u00f1o,&nbsp;el evento seguir\u00eda celebr\u00e1ndose a trav\u00e9s de streaming,&nbsp;como se ha estado organizando en los \u00faltimos dos a\u00f1os a causa de la pandemia. <\/p>\n\n\n\n<h2 class=\"wp-block-heading\">MacRumors<\/h2>\n\n\n\n<p>El medio de comunicaci\u00f3n<a rel=\"noreferrer noopener\" href=\"https:\/\/www.macrumors.com\/roundup\/wwdc\/\" target=\"_blank\">&nbsp;MacRumors<\/a>, ha recopilado las novedades m\u00e1s esperadas que se cree que se van a anunciar en la famosa Conferencia Mundial de Desarrolladores.&nbsp;<\/p>\n\n\n\n<h2 class=\"wp-block-heading\" id=\"m174-173-175\">iOS 16<\/h2>\n\n\n\n<p id=\"m179-178-180\">Aunque no habr\u00e1 cambios de dise\u00f1o importantes, s\u00ed que se rumorea que Apple ha preparado algunas caracter\u00edsticas.&nbsp;Una de ellas consiste en una posible mejora de la detecci\u00f3n de accidentes en carretera y las funciones del sat\u00e9lite de emergencia.<\/p>\n\n\n\n<p id=\"m211-210-212\">Tambi\u00e9n se espera que presenten una actualizaci\u00f3n de su&nbsp;app&nbsp;de&nbsp;salud&nbsp;Health, mejorando su seguimiento del sue\u00f1o y la gesti\u00f3n de medicamentos. <\/p>\n\n\n\n<p id=\"m216-215-217\">Para Apple Pay, la compa\u00f1\u00eda tambi\u00e9n est\u00e1 preparando una funci\u00f3n que har\u00eda posible que los usuarios compren al instante, pero paguen m\u00e1s tarde.&nbsp;De este modo, la&nbsp;aplicaci\u00f3n&nbsp;dejar\u00eda que los clientes de Apple paguen sus compras en c\u00f3modas cuotas.<\/p>\n\n\n\n<p id=\"m221-220-222\">Adem\u00e1s de este sistema operativo para m\u00f3viles, tambi\u00e9n se espera que la firma tecnol\u00f3gica hable de&nbsp;iPadOS 16, tvOS 16, watchOS 9 y macOS 13.<\/p>\n\n\n\n<h2 class=\"wp-block-heading\" id=\"m260-259-261\">Dispositivos de Apple<\/h2>\n\n\n\n<ul class=\"wp-block-list\"><li><strong>Mac Pro:<\/strong>&nbsp;Mark Gurman, de Bloomberg, asegur\u00f3 en febrero que la compa\u00f1\u00eda tendr\u00eda listo su nueva&nbsp;computadora&nbsp;Mac para mayo o junio, por lo que se espera que sea uno de los anuncios de la marca.&nbsp;El analista Ross Young&nbsp;<a href=\"https:\/\/twitter.com\/DSCCRoss\/status\/1504181472869199876?ref_src=twsrc%5Etfw%7Ctwcamp%5Etweetembed%7Ctwterm%5E1504181472869199876%7Ctwgr%5E%7Ctwcon%5Es1_&amp;ref_url=https%3A%2F%2Fwww.20minutos.es%2Ftecnologia%2Ffabricantes%2Fapple-confirma-la-fecha-de-su-wwdc-2022-que-seguira-celebrandose-en-formato-virtual-4981968%2F\">apunt\u00f3 <\/a>a que&nbsp;el dispositivo tendr\u00eda 27 pulgadas.&nbsp;<\/li><li><strong>Auriculares de realidad mixta:<\/strong>&nbsp;sabemos que Apple est\u00e1 trabajando en ello, pero no sabemos si se presentar\u00e1 este a\u00f1o o si esperar\u00e1n hasta el a\u00f1o que viene.<\/li><\/ul>\n\n\n\n<p>Fuente: <a href=\"https:\/\/www.macrumors.com\/\">https:\/\/www.macrumors.com\/<\/a> <\/p>\n\n\n\n<p><a href=\"https:\/\/developer.apple.com\/wwdc22\/\">https:\/\/developer.apple.com\/wwdc22\/<\/a><\/p>","protected":false},"excerpt":{"rendered":"<p>La Conferencia Mundial de Desarrolladores de&nbsp;Apple&nbsp;(WWDC 2022) est\u00e1 a punto de comenzar&nbsp;el pr\u00f3ximo lunes 6 de junio y durar\u00e1 toda la semana en curso.&nbsp;Para este evento se espera que se anuncien novedades sobre su software y otros aspectos tecnol\u00f3gicos. Seg\u00fan explicaron&nbsp;el 5 de abril&nbsp;de este a\u00f1o,&nbsp;el evento seguir\u00eda celebr\u00e1ndose a trav\u00e9s de streaming,&nbsp;como se ha &hellip;<\/p>","protected":false},"author":2,"featured_media":17502,"comment_status":"closed","ping_status":"closed","sticky":false,"template":"","format":"standard","meta":{"jetpack_post_was_ever_published":false,"_jetpack_newsletter_access":"","_jetpack_dont_email_post_to_subs":false,"_jetpack_newsletter_tier_id":0,"_jetpack_memberships_contains_paywalled_content":false,"_jetpack_memberships_contains_paid_content":false,"footnotes":"","jetpack_publicize_message":"","jetpack_publicize_feature_enabled":true,"jetpack_social_post_already_shared":true,"jetpack_social_options":{"image_generator_settings":{"template":"highway","default_image_id":0,"font":"","enabled":false},"version":2}},"categories":[5,1054],"tags":[1092],"class_list":["post-17501","post","type-post","status-publish","format-standard","has-post-thumbnail","hentry","category-apple","category-rumores","tag-evento-digital"],"jetpack_publicize_connections":[],"jetpack_featured_media_url":"https:\/\/www.macquero.com\/wp-content\/uploads\/2022\/05\/22.jpg","jetpack_sharing_enabled":true,"_links":{"self":[{"href":"https:\/\/www.macquero.com\/en\/wp-json\/wp\/v2\/posts\/17501","targetHints":{"allow":["GET"]}}],"collection":[{"href":"https:\/\/www.macquero.com\/en\/wp-json\/wp\/v2\/posts"}],"about":[{"href":"https:\/\/www.macquero.com\/en\/wp-json\/wp\/v2\/types\/post"}],"author":[{"embeddable":true,"href":"https:\/\/www.macquero.com\/en\/wp-json\/wp\/v2\/users\/2"}],"replies":[{"embeddable":true,"href":"https:\/\/www.macquero.com\/en\/wp-json\/wp\/v2\/comments?post=17501"}],"version-history":[{"count":2,"href":"https:\/\/www.macquero.com\/en\/wp-json\/wp\/v2\/posts\/17501\/revisions"}],"predecessor-version":[{"id":17504,"href":"https:\/\/www.macquero.com\/en\/wp-json\/wp\/v2\/posts\/17501\/revisions\/17504"}],"wp:featuredmedia":[{"embeddable":true,"href":"https:\/\/www.macquero.com\/en\/wp-json\/wp\/v2\/media\/17502"}],"wp:attachment":[{"href":"https:\/\/www.macquero.com\/en\/wp-json\/wp\/v2\/media?parent=17501"}],"wp:term":[{"taxonomy":"category","embeddable":true,"href":"https:\/\/www.macquero.com\/en\/wp-json\/wp\/v2\/categories?post=17501"},{"taxonomy":"post_tag","embeddable":true,"href":"https:\/\/www.macquero.com\/en\/wp-json\/wp\/v2\/tags?post=17501"}],"curies":[{"name":"wp","href":"https:\/\/api.w.org\/{rel}","templated":true}]}}