{"id":17491,"date":"2022-05-26T00:44:00","date_gmt":"2022-05-26T05:44:00","guid":{"rendered":"https:\/\/www.macquero.com\/?p=17491"},"modified":"2022-05-24T19:03:28","modified_gmt":"2022-05-25T00:03:28","slug":"apple-lanzo-macos-12-4-hace-unos-dias-y-desde-aca-te-decimos-porque-deberias-actualizar","status":"publish","type":"post","link":"https:\/\/www.macquero.com\/en\/2022\/05\/apple-lanzo-macos-12-4-hace-unos-dias-y-desde-aca-te-decimos-porque-deberias-actualizar\/","title":{"rendered":"Apple lanz\u00f3 macOS 12.4 hace unos d\u00edas y desde ac\u00e1 te decimos porque deber\u00edas actualizar."},"content":{"rendered":"<p>De manera oficial todos los usuarios de Mac podr\u00e1n comenzar a actualizar a macOS 12.4 con algunas novedades importantes y tambi\u00e9n varias correcciones de errores.<\/p>\n\n\n\n<p>Se sabe que aunque las betas de macOS 12.4 ya anunciaban una separaci\u00f3n entre el firmware de Studio Display y el sistema propio de macOS. Con esta nueva versi\u00f3n se confirma que la actualizaci\u00f3n de Studio Display 15.5 se separar\u00e1 de la compilaci\u00f3n de macOS y llegar\u00e1 como una\u00a0<strong>actualizaci\u00f3n independiente<\/strong>\u00a0que corrige la sintonizaci\u00f3n de la c\u00e1mara web.<\/p>\n\n\n\n<p>La actualizaci\u00f3n para Studio Display\u00a0&#8220;refina el ajuste de la c\u00e1mara, incluida la mejora de la reducci\u00f3n de ruido, el contraste y el encuadre&#8221;. Esta mejora para la pantalla de Apple est\u00e1 disponible para usuarios de Monterey y Big Sur con la versi\u00f3n 11.6.6.<\/p>\n\n\n\n<h2 class=\"wp-block-heading\">Otras mejoras <\/h2>\n\n\n\n<ul class=\"wp-block-list\"><li>En la condici\u00f3n para ejecutar Control Universal. Si el usuario tiene la intenci\u00f3n de utilizar esta funci\u00f3n, deber\u00e1 contar con las versiones m\u00e1s recientes de macOS (12.4) y iPadOS (15.5).<\/li><li>Para la app de Podcast se ha a\u00f1adido\u00a0<strong>una nueva configuraci\u00f3n<\/strong>\u00a0que permite limitar el n\u00famero de episodios almacenados en la computadora y poder eliminar autom\u00e1ticamente el contenido antiguo.<\/li><\/ul>\n\n\n\n<h2 class=\"wp-block-heading\">Es importante actualizar<\/h2>\n\n\n\n<p>Debido a que\u00a0Apple ha liberado iOS 15.5\u00a0est\u00e1 versi\u00f3n\u00a0corrige adem\u00e1s varios fallos de seguridad. <\/p>\n\n\n\n<p>Adicionalmente est\u00e1 actualizaci\u00f3n se libera junto a watchOS 8.6, tvOS 15.5 y una peque\u00f1\u00edsima actualizaci\u00f3n del firmware para el HomePod que mejora algunas cositas y adem\u00e1s lo integra a los nuevos sistemas.<\/p>","protected":false},"excerpt":{"rendered":"<p>De manera oficial todos los usuarios de Mac podr\u00e1n comenzar a actualizar a macOS 12.4 con algunas novedades importantes y tambi\u00e9n varias correcciones de errores. Se sabe que aunque las betas de macOS 12.4 ya anunciaban una separaci\u00f3n entre el firmware de Studio Display y el sistema propio de macOS. Con esta nueva versi\u00f3n se &hellip;<\/p>","protected":false},"author":2,"featured_media":17492,"comment_status":"closed","ping_status":"closed","sticky":false,"template":"","format":"standard","meta":{"jetpack_post_was_ever_published":false,"_jetpack_newsletter_access":"","_jetpack_dont_email_post_to_subs":false,"_jetpack_newsletter_tier_id":0,"_jetpack_memberships_contains_paywalled_content":false,"_jetpack_memberships_contains_paid_content":false,"footnotes":"","jetpack_publicize_message":"","jetpack_publicize_feature_enabled":true,"jetpack_social_post_already_shared":true,"jetpack_social_options":{"image_generator_settings":{"template":"highway","default_image_id":0,"font":"","enabled":false},"version":2}},"categories":[5],"tags":[286],"class_list":["post-17491","post","type-post","status-publish","format-standard","has-post-thumbnail","hentry","category-apple","tag-novedades"],"jetpack_publicize_connections":[],"jetpack_featured_media_url":"https:\/\/www.macquero.com\/wp-content\/uploads\/2022\/05\/tu.jpg","jetpack_sharing_enabled":true,"_links":{"self":[{"href":"https:\/\/www.macquero.com\/en\/wp-json\/wp\/v2\/posts\/17491","targetHints":{"allow":["GET"]}}],"collection":[{"href":"https:\/\/www.macquero.com\/en\/wp-json\/wp\/v2\/posts"}],"about":[{"href":"https:\/\/www.macquero.com\/en\/wp-json\/wp\/v2\/types\/post"}],"author":[{"embeddable":true,"href":"https:\/\/www.macquero.com\/en\/wp-json\/wp\/v2\/users\/2"}],"replies":[{"embeddable":true,"href":"https:\/\/www.macquero.com\/en\/wp-json\/wp\/v2\/comments?post=17491"}],"version-history":[{"count":1,"href":"https:\/\/www.macquero.com\/en\/wp-json\/wp\/v2\/posts\/17491\/revisions"}],"predecessor-version":[{"id":17493,"href":"https:\/\/www.macquero.com\/en\/wp-json\/wp\/v2\/posts\/17491\/revisions\/17493"}],"wp:featuredmedia":[{"embeddable":true,"href":"https:\/\/www.macquero.com\/en\/wp-json\/wp\/v2\/media\/17492"}],"wp:attachment":[{"href":"https:\/\/www.macquero.com\/en\/wp-json\/wp\/v2\/media?parent=17491"}],"wp:term":[{"taxonomy":"category","embeddable":true,"href":"https:\/\/www.macquero.com\/en\/wp-json\/wp\/v2\/categories?post=17491"},{"taxonomy":"post_tag","embeddable":true,"href":"https:\/\/www.macquero.com\/en\/wp-json\/wp\/v2\/tags?post=17491"}],"curies":[{"name":"wp","href":"https:\/\/api.w.org\/{rel}","templated":true}]}}