{"id":17437,"date":"2022-05-14T20:17:02","date_gmt":"2022-05-15T01:17:02","guid":{"rendered":"https:\/\/www.macquero.com\/?p=17437"},"modified":"2022-05-14T20:17:05","modified_gmt":"2022-05-15T01:17:05","slug":"el-iphone-15-tendra-el-mismo-conector-que-el-resto-de-telefonos-moviles","status":"publish","type":"post","link":"https:\/\/www.macquero.com\/en\/2022\/05\/el-iphone-15-tendra-el-mismo-conector-que-el-resto-de-telefonos-moviles\/","title":{"rendered":"El iPhone 15 tendr\u00e1 el mismo conector que el resto de tel\u00e9fonos m\u00f3viles."},"content":{"rendered":"<p>Apple lleva a\u00f1os llev\u00e1ndole la contraria a todos, con respecto al tema de sus cargadores;\u00a0mientras las otras firmas han ido adapt\u00e1ndose al USB-C, Apple no parece importarle mucho y ha seguido con su puerto Lightning.\u00a0&#x1f600;<\/p>\n\n\n\n<h2 class=\"wp-block-heading\">\u00bfPero, porqu\u00e9 es noticia?<\/h2>\n\n\n\n<p>La\u00a0Uni\u00f3n Europea ha venido presionando a Apple, para que se sume a su ley regulatoria, donde todas las compa\u00f1\u00edas tecnol\u00f3gicas adapten sus dispositivos a un cargador com\u00fan, pero, esto no ha pasado a\u00fan&#8230; <\/p>\n\n\n\n<p>Sin embargo, la marca de la manzana ya ha incluido el USB-C en algunos de sus productos.\u00a0La mayor\u00eda de sus \u00faltimos\u00a0iPad\u00a0cuentan con este tipo de puerto para que la transferencia de datos sea m\u00e1s r\u00e1pida.<\/p>","protected":false},"excerpt":{"rendered":"<p>Apple lleva a\u00f1os llev\u00e1ndole la contraria a todos, con respecto al tema de sus cargadores;\u00a0mientras las otras firmas han ido adapt\u00e1ndose al USB-C, Apple no parece importarle mucho y ha seguido con su puerto Lightning.\u00a0&#x1f600; \u00bfPero, porqu\u00e9 es noticia? La\u00a0Uni\u00f3n Europea ha venido presionando a Apple, para que se sume a su ley regulatoria, donde &hellip;<\/p>","protected":false},"author":2,"featured_media":17438,"comment_status":"closed","ping_status":"closed","sticky":false,"template":"","format":"standard","meta":{"jetpack_post_was_ever_published":false,"_jetpack_newsletter_access":"","_jetpack_dont_email_post_to_subs":false,"_jetpack_newsletter_tier_id":0,"_jetpack_memberships_contains_paywalled_content":false,"_jetpack_memberships_contains_paid_content":false,"footnotes":"","jetpack_publicize_message":"","jetpack_publicize_feature_enabled":true,"jetpack_social_post_already_shared":true,"jetpack_social_options":{"image_generator_settings":{"template":"highway","default_image_id":0,"font":"","enabled":false},"version":2}},"categories":[5],"tags":[1117],"class_list":["post-17437","post","type-post","status-publish","format-standard","has-post-thumbnail","hentry","category-apple","tag-accesorios"],"jetpack_publicize_connections":[],"jetpack_featured_media_url":"https:\/\/www.macquero.com\/wp-content\/uploads\/2022\/05\/ho.jpg","jetpack_sharing_enabled":true,"_links":{"self":[{"href":"https:\/\/www.macquero.com\/en\/wp-json\/wp\/v2\/posts\/17437","targetHints":{"allow":["GET"]}}],"collection":[{"href":"https:\/\/www.macquero.com\/en\/wp-json\/wp\/v2\/posts"}],"about":[{"href":"https:\/\/www.macquero.com\/en\/wp-json\/wp\/v2\/types\/post"}],"author":[{"embeddable":true,"href":"https:\/\/www.macquero.com\/en\/wp-json\/wp\/v2\/users\/2"}],"replies":[{"embeddable":true,"href":"https:\/\/www.macquero.com\/en\/wp-json\/wp\/v2\/comments?post=17437"}],"version-history":[{"count":1,"href":"https:\/\/www.macquero.com\/en\/wp-json\/wp\/v2\/posts\/17437\/revisions"}],"predecessor-version":[{"id":17439,"href":"https:\/\/www.macquero.com\/en\/wp-json\/wp\/v2\/posts\/17437\/revisions\/17439"}],"wp:featuredmedia":[{"embeddable":true,"href":"https:\/\/www.macquero.com\/en\/wp-json\/wp\/v2\/media\/17438"}],"wp:attachment":[{"href":"https:\/\/www.macquero.com\/en\/wp-json\/wp\/v2\/media?parent=17437"}],"wp:term":[{"taxonomy":"category","embeddable":true,"href":"https:\/\/www.macquero.com\/en\/wp-json\/wp\/v2\/categories?post=17437"},{"taxonomy":"post_tag","embeddable":true,"href":"https:\/\/www.macquero.com\/en\/wp-json\/wp\/v2\/tags?post=17437"}],"curies":[{"name":"wp","href":"https:\/\/api.w.org\/{rel}","templated":true}]}}