{"id":17340,"date":"2022-04-28T00:09:00","date_gmt":"2022-04-28T05:09:00","guid":{"rendered":"https:\/\/www.macquero.com\/?p=17340"},"modified":"2022-04-28T02:41:46","modified_gmt":"2022-04-28T07:41:46","slug":"365-dni-aquel-dia","status":"publish","type":"post","link":"https:\/\/www.macquero.com\/en\/2022\/04\/365-dni-aquel-dia\/","title":{"rendered":"365 DNI: Aquel d\u00eda."},"content":{"rendered":"<p>Puntuaci\u00f3n: <strong>&#x2b50;<\/strong>&#x2b50;<\/p>\n\n\n\n<p>La esperada secuela finalmente ha llegado y ha llenado de muchas expectativas a los seguidores de Laura y Massimo, los protagonistas que son interpretados por <a rel=\"noreferrer noopener\" href=\"https:\/\/www.instagram.com\/anna_maria.sieklucka\/\" data-type=\"URL\" data-id=\"https:\/\/www.instagram.com\/anna_maria.sieklucka\/\" target=\"_blank\">Anna-Mar\u00eda Sieklucka<\/a> y <a rel=\"noreferrer noopener\" href=\"https:\/\/www.instagram.com\/iammichelemorroneofficial\/\" data-type=\"URL\" data-id=\"https:\/\/www.instagram.com\/iammichelemorroneofficial\/\" target=\"_blank\">Michele Morrone<\/a>, respectivamente. <\/p>\n\n\n\n<p>El film que el d\u00eda de ayer se estren\u00f3 en la plataforma, nos entrega m\u00e1s emociones, e innumerables escenas de corte lascivo, elevando a\u00fan m\u00e1s, la temperatura en comparaci\u00f3n a su <a href=\"https:\/\/www.macquero.com\/en\/2020\/06\/estreno-365-dni-365-dias\/\" data-type=\"URL\" data-id=\"https:\/\/www.macquero.com\/2020\/06\/estreno-365-dni-365-dias\/\" target=\"_blank\" rel=\"noreferrer noopener\">primera entrega<\/a>.<\/p>\n\n\n\n<p><strong>Sin embargo, personalmente la encontr\u00e9 pasable, (casi me quedo dormido).<\/strong>  <\/p>\n\n\n\n<p>En contraste, el film ya cuenta con una extensa y obscena opini\u00f3n mayoritariamente negativa, por parte del sector especializado, claramente en lo personal, esperaba un poco m\u00e1s de la narrativa, pero, tambi\u00e9n seamos honestos, se sab\u00eda a que ven\u00edamos y negarle una oportunidad ser\u00eda un pecado. <\/p>","protected":false},"excerpt":{"rendered":"<p>Puntuaci\u00f3n: &#x2b50;&#x2b50; La esperada secuela finalmente ha llegado y ha llenado de muchas expectativas a los seguidores de Laura y Massimo, los protagonistas que son interpretados por Anna-Mar\u00eda Sieklucka y Michele Morrone, respectivamente. El film que el d\u00eda de ayer se estren\u00f3 en la plataforma, nos entrega m\u00e1s emociones, e innumerables escenas de corte lascivo, &hellip;<\/p>","protected":false},"author":2,"featured_media":17343,"comment_status":"closed","ping_status":"closed","sticky":false,"template":"","format":"standard","meta":{"jetpack_post_was_ever_published":false,"_jetpack_newsletter_access":"","_jetpack_dont_email_post_to_subs":false,"_jetpack_newsletter_tier_id":0,"_jetpack_memberships_contains_paywalled_content":false,"_jetpack_memberships_contains_paid_content":false,"footnotes":"","jetpack_publicize_message":"","jetpack_publicize_feature_enabled":true,"jetpack_social_post_already_shared":true,"jetpack_social_options":{"image_generator_settings":{"template":"highway","default_image_id":0,"font":"","enabled":false},"version":2}},"categories":[1007,766],"tags":[303,849,1042],"class_list":["post-17340","post","type-post","status-publish","format-standard","has-post-thumbnail","hentry","category-avances","category-cine-netflix","tag-drama","tag-intimo","tag-sensual"],"jetpack_publicize_connections":[],"jetpack_featured_media_url":"https:\/\/www.macquero.com\/wp-content\/uploads\/2022\/04\/aq.jpg","jetpack_sharing_enabled":true,"_links":{"self":[{"href":"https:\/\/www.macquero.com\/en\/wp-json\/wp\/v2\/posts\/17340","targetHints":{"allow":["GET"]}}],"collection":[{"href":"https:\/\/www.macquero.com\/en\/wp-json\/wp\/v2\/posts"}],"about":[{"href":"https:\/\/www.macquero.com\/en\/wp-json\/wp\/v2\/types\/post"}],"author":[{"embeddable":true,"href":"https:\/\/www.macquero.com\/en\/wp-json\/wp\/v2\/users\/2"}],"replies":[{"embeddable":true,"href":"https:\/\/www.macquero.com\/en\/wp-json\/wp\/v2\/comments?post=17340"}],"version-history":[{"count":4,"href":"https:\/\/www.macquero.com\/en\/wp-json\/wp\/v2\/posts\/17340\/revisions"}],"predecessor-version":[{"id":17358,"href":"https:\/\/www.macquero.com\/en\/wp-json\/wp\/v2\/posts\/17340\/revisions\/17358"}],"wp:featuredmedia":[{"embeddable":true,"href":"https:\/\/www.macquero.com\/en\/wp-json\/wp\/v2\/media\/17343"}],"wp:attachment":[{"href":"https:\/\/www.macquero.com\/en\/wp-json\/wp\/v2\/media?parent=17340"}],"wp:term":[{"taxonomy":"category","embeddable":true,"href":"https:\/\/www.macquero.com\/en\/wp-json\/wp\/v2\/categories?post=17340"},{"taxonomy":"post_tag","embeddable":true,"href":"https:\/\/www.macquero.com\/en\/wp-json\/wp\/v2\/tags?post=17340"}],"curies":[{"name":"wp","href":"https:\/\/api.w.org\/{rel}","templated":true}]}}