{"id":17266,"date":"2022-04-13T00:32:00","date_gmt":"2022-04-13T05:32:00","guid":{"rendered":"https:\/\/www.macquero.com\/?p=17266"},"modified":"2022-04-12T18:51:39","modified_gmt":"2022-04-12T23:51:39","slug":"la-resurreccion-de-cristo","status":"publish","type":"post","link":"https:\/\/www.macquero.com\/en\/2022\/04\/la-resurreccion-de-cristo\/","title":{"rendered":"La resurrecci\u00f3n de Cristo."},"content":{"rendered":"<p>Puntuaci\u00f3n: &#x2b50;&#x2b50;&#x2b50;&#x2b50;&#x2b50;<\/p>\n\n\n\n<p>Nuestra siguiente recomendaci\u00f3n no es tendencia, pero, es una pel\u00edcula consagrada para estos d\u00edas.<\/p>\n\n\n\n<h2 class=\"wp-block-heading\">Sipnosis<\/h2>\n\n\n\n<p>Judea, a\u00f1o 33 d.C. Durante tres d\u00e9cadas, el Imperio Romano de Tiberio C\u00e9sar ha gobernado sobre los p\u00e1ramos de Judea y sobre su pueblo. Como tribuno del prefecto Poncio Pilatos, la tarea de Clavio es mantener el orden en una tierra que est\u00e1 sumida en las revueltas.<\/p>\n\n\n\n<p>Una historia contada de manera espiritual. Con breves giros de acci\u00f3n y suspenso. <\/p>","protected":false},"excerpt":{"rendered":"<p>Puntuaci\u00f3n: &#x2b50;&#x2b50;&#x2b50;&#x2b50;&#x2b50; Nuestra siguiente recomendaci\u00f3n no es tendencia, pero, es una pel\u00edcula consagrada para estos d\u00edas. Sipnosis Judea, a\u00f1o 33 d.C. Durante tres d\u00e9cadas, el Imperio Romano de Tiberio C\u00e9sar ha gobernado sobre los p\u00e1ramos de Judea y sobre su pueblo. Como tribuno del prefecto Poncio Pilatos, la tarea de Clavio es mantener el orden &hellip;<\/p>","protected":false},"author":2,"featured_media":17269,"comment_status":"closed","ping_status":"closed","sticky":false,"template":"","format":"standard","meta":{"jetpack_post_was_ever_published":false,"_jetpack_newsletter_access":"","_jetpack_dont_email_post_to_subs":false,"_jetpack_newsletter_tier_id":0,"_jetpack_memberships_contains_paywalled_content":false,"_jetpack_memberships_contains_paid_content":false,"footnotes":"","jetpack_publicize_message":"","jetpack_publicize_feature_enabled":true,"jetpack_social_post_already_shared":true,"jetpack_social_options":{"image_generator_settings":{"template":"highway","default_image_id":0,"font":"","enabled":false},"version":2}},"categories":[1007,766],"tags":[857,497,1112],"class_list":["post-17266","post","type-post","status-publish","format-standard","has-post-thumbnail","hentry","category-avances","category-cine-netflix","tag-complejo","tag-drama-biblico","tag-fe-y-espiritualidad"],"jetpack_publicize_connections":[],"jetpack_featured_media_url":"https:\/\/www.macquero.com\/wp-content\/uploads\/2022\/04\/cr.jpg","jetpack_sharing_enabled":true,"_links":{"self":[{"href":"https:\/\/www.macquero.com\/en\/wp-json\/wp\/v2\/posts\/17266","targetHints":{"allow":["GET"]}}],"collection":[{"href":"https:\/\/www.macquero.com\/en\/wp-json\/wp\/v2\/posts"}],"about":[{"href":"https:\/\/www.macquero.com\/en\/wp-json\/wp\/v2\/types\/post"}],"author":[{"embeddable":true,"href":"https:\/\/www.macquero.com\/en\/wp-json\/wp\/v2\/users\/2"}],"replies":[{"embeddable":true,"href":"https:\/\/www.macquero.com\/en\/wp-json\/wp\/v2\/comments?post=17266"}],"version-history":[{"count":3,"href":"https:\/\/www.macquero.com\/en\/wp-json\/wp\/v2\/posts\/17266\/revisions"}],"predecessor-version":[{"id":17270,"href":"https:\/\/www.macquero.com\/en\/wp-json\/wp\/v2\/posts\/17266\/revisions\/17270"}],"wp:featuredmedia":[{"embeddable":true,"href":"https:\/\/www.macquero.com\/en\/wp-json\/wp\/v2\/media\/17269"}],"wp:attachment":[{"href":"https:\/\/www.macquero.com\/en\/wp-json\/wp\/v2\/media?parent=17266"}],"wp:term":[{"taxonomy":"category","embeddable":true,"href":"https:\/\/www.macquero.com\/en\/wp-json\/wp\/v2\/categories?post=17266"},{"taxonomy":"post_tag","embeddable":true,"href":"https:\/\/www.macquero.com\/en\/wp-json\/wp\/v2\/tags?post=17266"}],"curies":[{"name":"wp","href":"https:\/\/api.w.org\/{rel}","templated":true}]}}