{"id":17250,"date":"2022-04-09T09:56:46","date_gmt":"2022-04-09T14:56:46","guid":{"rendered":"https:\/\/www.macquero.com\/?p=17250"},"modified":"2022-04-09T09:58:02","modified_gmt":"2022-04-09T14:58:02","slug":"elite-temporada-5","status":"publish","type":"post","link":"https:\/\/www.macquero.com\/en\/2022\/04\/elite-temporada-5\/","title":{"rendered":"\u00c9lite. Temporada 5."},"content":{"rendered":"<p>Puntuaci\u00f3n: &#x2b50;&#x2b50;<\/p>\n\n\n\n<p>La recomendaci\u00f3n es para los fans. <\/p>\n\n\n\n<h2 class=\"wp-block-heading\">Recordemos<\/h2>\n\n\n\n<p>La temporada 4 de&nbsp;\u00c9lite&nbsp;concluye con Guzm\u00e1n matando al atacante de Ari, Armando (Andr\u00e9s Velencoso), y luego arrojando el cuerpo con la ayuda de Samu y Rebe. Luego, Guzm\u00e1n se va de la ciudad con Ander de viaje, pero solo despu\u00e9s de recordarle a Rebe que no diga nada sobre su encubrimiento, espec\u00edficamente en conversaciones con Omar y Caye.<\/p>\n\n\n\n<p>Este pasado viernes 8 de abril, lleg\u00f3 finalmente&nbsp;\u00c9lite 5&nbsp;para agregar m\u00e1s drama a lo que se dej\u00f3 ver en su cuarta entrega -con m\u00e1s de lo mismo-. \u00bfEs en serio? <\/p>\n\n\n\n<p>Hay quienes opinan que la serie dej\u00f3 de ser, lo que alguna vez fue desde su tercera entrega, la cu\u00e1l cerraba aspectos importantes de la segunda y primera entrega. Pero, no ha vuelto a reinventarse. <\/p>\n\n\n\n<p>\u00bfT\u00fa qu\u00e9 piensas? <\/p>\n\n\n\n<p>Ninguna c\u00f3mo la primera. Para gustos los colores. <\/p>","protected":false},"excerpt":{"rendered":"<p>Puntuaci\u00f3n: &#x2b50;&#x2b50; La recomendaci\u00f3n es para los fans. Recordemos La temporada 4 de&nbsp;\u00c9lite&nbsp;concluye con Guzm\u00e1n matando al atacante de Ari, Armando (Andr\u00e9s Velencoso), y luego arrojando el cuerpo con la ayuda de Samu y Rebe. Luego, Guzm\u00e1n se va de la ciudad con Ander de viaje, pero solo despu\u00e9s de recordarle a Rebe que no &hellip;<\/p>","protected":false},"author":2,"featured_media":17252,"comment_status":"open","ping_status":"closed","sticky":false,"template":"","format":"standard","meta":{"jetpack_post_was_ever_published":false,"_jetpack_newsletter_access":"","_jetpack_dont_email_post_to_subs":false,"_jetpack_newsletter_tier_id":0,"_jetpack_memberships_contains_paywalled_content":false,"_jetpack_memberships_contains_paid_content":false,"footnotes":"","jetpack_publicize_message":"","jetpack_publicize_feature_enabled":true,"jetpack_social_post_already_shared":true,"jetpack_social_options":{"image_generator_settings":{"template":"highway","default_image_id":0,"font":"","enabled":false},"version":2}},"categories":[733,732],"tags":[801],"class_list":["post-17250","post","type-post","status-publish","format-standard","has-post-thumbnail","hentry","category-originales-de-netflix","category-series","tag-drama-juvenil"],"jetpack_publicize_connections":[],"jetpack_featured_media_url":"https:\/\/www.macquero.com\/wp-content\/uploads\/2022\/04\/it.jpg","jetpack_sharing_enabled":true,"_links":{"self":[{"href":"https:\/\/www.macquero.com\/en\/wp-json\/wp\/v2\/posts\/17250","targetHints":{"allow":["GET"]}}],"collection":[{"href":"https:\/\/www.macquero.com\/en\/wp-json\/wp\/v2\/posts"}],"about":[{"href":"https:\/\/www.macquero.com\/en\/wp-json\/wp\/v2\/types\/post"}],"author":[{"embeddable":true,"href":"https:\/\/www.macquero.com\/en\/wp-json\/wp\/v2\/users\/2"}],"replies":[{"embeddable":true,"href":"https:\/\/www.macquero.com\/en\/wp-json\/wp\/v2\/comments?post=17250"}],"version-history":[{"count":3,"href":"https:\/\/www.macquero.com\/en\/wp-json\/wp\/v2\/posts\/17250\/revisions"}],"predecessor-version":[{"id":17254,"href":"https:\/\/www.macquero.com\/en\/wp-json\/wp\/v2\/posts\/17250\/revisions\/17254"}],"wp:featuredmedia":[{"embeddable":true,"href":"https:\/\/www.macquero.com\/en\/wp-json\/wp\/v2\/media\/17252"}],"wp:attachment":[{"href":"https:\/\/www.macquero.com\/en\/wp-json\/wp\/v2\/media?parent=17250"}],"wp:term":[{"taxonomy":"category","embeddable":true,"href":"https:\/\/www.macquero.com\/en\/wp-json\/wp\/v2\/categories?post=17250"},{"taxonomy":"post_tag","embeddable":true,"href":"https:\/\/www.macquero.com\/en\/wp-json\/wp\/v2\/tags?post=17250"}],"curies":[{"name":"wp","href":"https:\/\/api.w.org\/{rel}","templated":true}]}}