{"id":17202,"date":"2022-03-30T00:09:00","date_gmt":"2022-03-30T06:09:00","guid":{"rendered":"https:\/\/www.macquero.com\/?p=17202"},"modified":"2022-03-28T19:17:36","modified_gmt":"2022-03-29T01:17:36","slug":"vlc-se-actualiza","status":"publish","type":"post","link":"https:\/\/www.macquero.com\/en\/2022\/03\/vlc-se-actualiza\/","title":{"rendered":"VLC se actualiza."},"content":{"rendered":"<p>El popular reproductor de v\u00eddeo VLC ha lanzado una nueva actualizaci\u00f3n tanto para el iPhone como para el iPad y el Apple TV. Una actualizaci\u00f3n que llega\u00a0cargada de varias novedades importantes\u00a0tanto en materia de capacidades de reproducci\u00f3n como en dise\u00f1o e interfaz.<\/p>\n\n\n\n<p>En cuanto a nuevos dise\u00f1os y ajustes de las capacidades, entrando&nbsp;<strong>espec\u00edficamente en la versi\u00f3n 3.3 de la app<\/strong>&nbsp;para iPhone, iPad o Apple TV, encontramos una larga lista de novedades:<\/p>\n\n\n\n<ul class=\"wp-block-list\"><li>A\u00f1ade una nueva interfaz de reproductor de v\u00eddeo.<\/li><li>A\u00f1ade soporte para navegar por los recursos compartidos NFS y SFTP.<\/li><li>Reemplaza la integraci\u00f3n anterior de UPnP con el soporte nativo de VLC basado en libupnp (esto mejora la compatibilidad con servidores UPnP fuera de est\u00e1ndar).<\/li><li>Reemplaza la integraci\u00f3n FTP anterior con el soporte nativo de VLC (esto mejora la compatibilidad con los servidores que utilizan codificaciones de texto no occidentales y permite conexiones a servidores con configuraciones de puerto fuera de est\u00e1ndar).<\/li><li>A\u00f1ade descargas de servidores SMB.<\/li><li>A\u00f1ade soporte para descargas http(s) desde servidores que requieren autenticaci\u00f3n.<\/li><li>A\u00f1ade un nuevo dise\u00f1o de cuadr\u00edcula para la biblioteca de audio.<\/li><li>Corrige el almacenamiento de credenciales de usuario para los recursos compartidos de red.<\/li><li>Conserva los subt\u00edtulos descargados para los medios almacenados localmente.<\/li><li>Activa el desentrelazado autom\u00e1tico de v\u00eddeo.<\/li><li>A\u00f1ade soporte para la app Archivos como fuente para\u00a0abrir contenido multimedia sin importar\u00a0a VLC.<\/li><li>A\u00f1ade un controlador de vista de cola para cambiar entre elementos multimedia programados y para los listados de canales de televisi\u00f3n.<\/li><li>A\u00f1ade un tema oscuro completo para dispositivos OLED.<\/li><li>A\u00f1ade soporte para audio espacial con los AirPods Pro y Max.<\/li><li>Permite ordenar pistas y \u00e1lbumes por fecha de inserci\u00f3n en la biblioteca.<\/li><li>Permite hasta 8 velocidades de reproducci\u00f3n.<\/li><\/ul>\n\n\n\n<p>Fuente: <a href=\"https:\/\/www.applesfera.com\/aplicaciones-ipados\/vlc-se-actualiza-ios-apple-tv-version-3-3-trae-nuevo-reproductor-modo-oscuro-completo-audio-espacial\" data-type=\"URL\" data-id=\"https:\/\/www.applesfera.com\/aplicaciones-ipados\/vlc-se-actualiza-ios-apple-tv-version-3-3-trae-nuevo-reproductor-modo-oscuro-completo-audio-espacial\" target=\"_blank\" rel=\"noreferrer noopener\">Apple Esfera<\/a>. <\/p>\n\n\n\n<p>P\u00e1gina del <a href=\"https:\/\/www.videolan.org\/vlc\/releases\/3.0.0.html\" data-type=\"URL\" data-id=\"https:\/\/www.videolan.org\/vlc\/releases\/3.0.0.html\" target=\"_blank\" rel=\"noreferrer noopener\">desarrollador<\/a>.<\/p>","protected":false},"excerpt":{"rendered":"<p>El popular reproductor de v\u00eddeo VLC ha lanzado una nueva actualizaci\u00f3n tanto para el iPhone como para el iPad y el Apple TV. Una actualizaci\u00f3n que llega\u00a0cargada de varias novedades importantes\u00a0tanto en materia de capacidades de reproducci\u00f3n como en dise\u00f1o e interfaz. En cuanto a nuevos dise\u00f1os y ajustes de las capacidades, entrando&nbsp;espec\u00edficamente en la &hellip;<\/p>","protected":false},"author":2,"featured_media":17203,"comment_status":"closed","ping_status":"closed","sticky":false,"template":"","format":"standard","meta":{"jetpack_post_was_ever_published":false,"_jetpack_newsletter_access":"","_jetpack_dont_email_post_to_subs":false,"_jetpack_newsletter_tier_id":0,"_jetpack_memberships_contains_paywalled_content":false,"_jetpack_memberships_contains_paid_content":false,"footnotes":"","jetpack_publicize_message":"","jetpack_publicize_feature_enabled":true,"jetpack_social_post_already_shared":true,"jetpack_social_options":{"image_generator_settings":{"template":"highway","default_image_id":0,"font":"","enabled":false},"version":2}},"categories":[596,46,755,117,19],"tags":[286],"class_list":["post-17202","post","type-post","status-publish","format-standard","has-post-thumbnail","hentry","category-apple-tv","category-apps","category-ios","category-ipad","category-iphone","tag-novedades"],"jetpack_publicize_connections":[],"jetpack_featured_media_url":"https:\/\/www.macquero.com\/wp-content\/uploads\/2022\/03\/lc.jpg","jetpack_sharing_enabled":true,"_links":{"self":[{"href":"https:\/\/www.macquero.com\/en\/wp-json\/wp\/v2\/posts\/17202","targetHints":{"allow":["GET"]}}],"collection":[{"href":"https:\/\/www.macquero.com\/en\/wp-json\/wp\/v2\/posts"}],"about":[{"href":"https:\/\/www.macquero.com\/en\/wp-json\/wp\/v2\/types\/post"}],"author":[{"embeddable":true,"href":"https:\/\/www.macquero.com\/en\/wp-json\/wp\/v2\/users\/2"}],"replies":[{"embeddable":true,"href":"https:\/\/www.macquero.com\/en\/wp-json\/wp\/v2\/comments?post=17202"}],"version-history":[{"count":1,"href":"https:\/\/www.macquero.com\/en\/wp-json\/wp\/v2\/posts\/17202\/revisions"}],"predecessor-version":[{"id":17204,"href":"https:\/\/www.macquero.com\/en\/wp-json\/wp\/v2\/posts\/17202\/revisions\/17204"}],"wp:featuredmedia":[{"embeddable":true,"href":"https:\/\/www.macquero.com\/en\/wp-json\/wp\/v2\/media\/17203"}],"wp:attachment":[{"href":"https:\/\/www.macquero.com\/en\/wp-json\/wp\/v2\/media?parent=17202"}],"wp:term":[{"taxonomy":"category","embeddable":true,"href":"https:\/\/www.macquero.com\/en\/wp-json\/wp\/v2\/categories?post=17202"},{"taxonomy":"post_tag","embeddable":true,"href":"https:\/\/www.macquero.com\/en\/wp-json\/wp\/v2\/tags?post=17202"}],"curies":[{"name":"wp","href":"https:\/\/api.w.org\/{rel}","templated":true}]}}