{"id":17074,"date":"2022-03-09T00:54:00","date_gmt":"2022-03-09T06:54:00","guid":{"rendered":"https:\/\/www.macquero.com\/?p=17074"},"modified":"2022-03-08T18:09:40","modified_gmt":"2022-03-09T00:09:40","slug":"resumen-del-evento-de-apple","status":"publish","type":"post","link":"https:\/\/www.macquero.com\/en\/2022\/03\/resumen-del-evento-de-apple\/","title":{"rendered":"Resumen del evento de Apple."},"content":{"rendered":"<p>El evento ha logrado superar las expectativas de muchos a presentar el iPhone SE 2022, el iPad Air de quinta generaci\u00f3n y el Mac Studio, una computadora que tendr\u00e1 un procesador M1 Ultra y que tambi\u00e9n saldr\u00e1 con un imponente monitor.<\/p>\n\n\n\n<h2 class=\"wp-block-heading\">iPhone SE 2022 (tercera generaci\u00f3n)<\/h2>\n\n\n\n<p>El nuevo iPhone SE 2022 viene con chip A15 Bionic&nbsp;(exactamente igual al del iPhone 13), frente al A13 del modelo anterior, cuenta con tecnolog\u00eda&nbsp;5G&nbsp;y mejoras&nbsp;a\u00f1adidas en cuanto a la autonom\u00eda y al sistema de c\u00e1maras. <\/p>\n\n\n\n<blockquote class=\"wp-block-quote is-layout-flow wp-block-quote-is-layout-flow\"><p>Cuenta adem\u00e1s con diversas opciones de almacenamiento interno de 64 GB, 128 GB y 256 GB.<\/p><\/blockquote>\n\n\n\n<p>Esta tercera generaci\u00f3n del SE luce una&nbsp;pantalla Retina HD de 4,7 pulgadas&nbsp;(LCD) con hasta 625 nits de brillo. En la parte trasera exhibe&nbsp;una c\u00e1mara de 12 MP con estabilizaci\u00f3n \u00f3ptica de imagen, zoom digital de hasta 5x, HDR Inteligente 4 para fotos, Deep Fusion y grabaci\u00f3n de v\u00eddeo en 4K.<\/p>\n\n\n\n<p><strong>Seg\u00fan la propia fuente:<\/strong> <\/p>\n\n\n\n<p>Entre otros detalles, en ambos lados incluye el&nbsp;mismo vidrio que el de los iPhone 13. <\/p>\n\n\n\n<p>Con respecto a la bater\u00eda, aguanta hasta 15 horas de reproducci\u00f3n de v\u00eddeo y soporta&nbsp;carga r\u00e1pida de 20W&nbsp;(recupera el 50% en 30 minutos) adem\u00e1s de inal\u00e1mbrica.<\/p>\n\n\n\n<h2 class=\"wp-block-heading\">iPad Air (quinta generaci\u00f3n)<\/h2>\n\n\n\n<p id=\"m216-215-217\">Los rumores tambi\u00e9n acertaron al se\u00f1alar que iba a llegar la&nbsp;quinta generaci\u00f3n del&nbsp;iPad&nbsp;Air, el cu\u00e1l se destaca por la entrada en escena del&nbsp;chip M1&nbsp;frente al A14 Bionic de la anterior. <\/p>\n\n\n\n<p id=\"m221-220-222\">Puede usarse con el Apple Pencil y con Magic Keyboard y cuenta con una&nbsp;pantalla Liquid Retina de 10,9 pulgadas con 500 nits de brillo, c\u00e1mara ultra gran angular frontal de 12 MP, c\u00e1mara trasera de 12 MP, 5G, Touch ID y altavoces est\u00e9reo. Se rige por iPadOS 15.<\/p>\n\n\n\n<h2 class=\"wp-block-heading\">El chip M1 Ultra<\/h2>\n\n\n\n<p id=\"m231-230-232\">Se hab\u00eda comentado que tras el lanzamiento del un nuevo Mac se iba a dejar ver, la entrada en escena del chip M2. <\/p>\n\n\n\n<p id=\"m231-230-232\">Los rumores no iban desencaminados, al final se ha tratado del\u00a0M1 Ultra, en lo m\u00e1s alto del escalaf\u00f3n de la familia compuesta por el M1, el M1 Pro y el M1 Max. Este procesador, en palabras de Apple es el chip para computadoras personales m\u00e1s potente del mundo, es el\u00a0resultado de la combinaci\u00f3n de dos M1 Max con la arquitectura UltraFusion.<\/p>\n\n\n\n<p id=\"m236-235-237\">Lleva una&nbsp;CPU de 20 n\u00facleos con 16 de alto rendimiento y cuatro de alta eficiencia. Sus virtudes se manifiestan tambi\u00e9n en la CPU de 64 n\u00facleos y en el Neural Engine de 32 n\u00facleos.<\/p>\n\n\n\n<h2 class=\"wp-block-heading\">Mac Studio y Studio Display<\/h2>\n\n\n\n<p id=\"m273-272-274\">La apuesta del M1 Ultra llega con el Mac Studio, ideado como un sistema de mesa de alto rendimiento. Esta elevaci\u00f3n tecnol\u00f3gica de la computadora&nbsp;es uno de los modelos m\u00e1s costosos del mercado.<\/p>\n\n\n\n<p id=\"m278-277-279\">Esta&nbsp;\u2018caja m\u00e1gica\u2019 de dise\u00f1o compacto, pensada para los m\u00e1s pro, es capaz de reproducir hasta 18 secuencias de v\u00eddeo ProRes 422 8K. <\/p>\n\n\n\n<p id=\"m278-277-279\">Apple anunci\u00f3 tambi\u00e9n el Studio Display, monitor con pantalla Retina 5K de 27 pulgadas, bordes estrechos, carcasa de aluminio y soporte para inclinarlo 30 grados. <\/p>","protected":false},"excerpt":{"rendered":"<p>El evento ha logrado superar las expectativas de muchos a presentar el iPhone SE 2022, el iPad Air de quinta generaci\u00f3n y el Mac Studio, una computadora que tendr\u00e1 un procesador M1 Ultra y que tambi\u00e9n saldr\u00e1 con un imponente monitor. iPhone SE 2022 (tercera generaci\u00f3n) El nuevo iPhone SE 2022 viene con chip A15 &hellip;<\/p>","protected":false},"author":2,"featured_media":17078,"comment_status":"closed","ping_status":"closed","sticky":false,"template":"","format":"standard","meta":{"jetpack_post_was_ever_published":false,"_jetpack_newsletter_access":"","_jetpack_dont_email_post_to_subs":false,"_jetpack_newsletter_tier_id":0,"_jetpack_memberships_contains_paywalled_content":false,"_jetpack_memberships_contains_paid_content":false,"footnotes":"","jetpack_publicize_message":"","jetpack_publicize_feature_enabled":true,"jetpack_social_post_already_shared":true,"jetpack_social_options":{"image_generator_settings":{"template":"highway","default_image_id":0,"font":"","enabled":false},"version":2}},"categories":[5,1097],"tags":[1100],"class_list":["post-17074","post","type-post","status-publish","format-standard","has-post-thumbnail","hentry","category-apple","category-keynote","tag-resumen"],"jetpack_publicize_connections":[],"jetpack_featured_media_url":"https:\/\/www.macquero.com\/wp-content\/uploads\/2022\/03\/en.jpg","jetpack_sharing_enabled":true,"_links":{"self":[{"href":"https:\/\/www.macquero.com\/en\/wp-json\/wp\/v2\/posts\/17074","targetHints":{"allow":["GET"]}}],"collection":[{"href":"https:\/\/www.macquero.com\/en\/wp-json\/wp\/v2\/posts"}],"about":[{"href":"https:\/\/www.macquero.com\/en\/wp-json\/wp\/v2\/types\/post"}],"author":[{"embeddable":true,"href":"https:\/\/www.macquero.com\/en\/wp-json\/wp\/v2\/users\/2"}],"replies":[{"embeddable":true,"href":"https:\/\/www.macquero.com\/en\/wp-json\/wp\/v2\/comments?post=17074"}],"version-history":[{"count":4,"href":"https:\/\/www.macquero.com\/en\/wp-json\/wp\/v2\/posts\/17074\/revisions"}],"predecessor-version":[{"id":17080,"href":"https:\/\/www.macquero.com\/en\/wp-json\/wp\/v2\/posts\/17074\/revisions\/17080"}],"wp:featuredmedia":[{"embeddable":true,"href":"https:\/\/www.macquero.com\/en\/wp-json\/wp\/v2\/media\/17078"}],"wp:attachment":[{"href":"https:\/\/www.macquero.com\/en\/wp-json\/wp\/v2\/media?parent=17074"}],"wp:term":[{"taxonomy":"category","embeddable":true,"href":"https:\/\/www.macquero.com\/en\/wp-json\/wp\/v2\/categories?post=17074"},{"taxonomy":"post_tag","embeddable":true,"href":"https:\/\/www.macquero.com\/en\/wp-json\/wp\/v2\/tags?post=17074"}],"curies":[{"name":"wp","href":"https:\/\/api.w.org\/{rel}","templated":true}]}}