{"id":17068,"date":"2022-03-08T04:09:30","date_gmt":"2022-03-08T10:09:30","guid":{"rendered":"https:\/\/www.macquero.com\/?p=17068"},"modified":"2022-03-08T04:09:33","modified_gmt":"2022-03-08T10:09:33","slug":"como-ver-la-keynote-de-apple-de-hoy","status":"publish","type":"post","link":"https:\/\/www.macquero.com\/en\/2022\/03\/como-ver-la-keynote-de-apple-de-hoy\/","title":{"rendered":"\u00bfC\u00f3mo ver la keynote de Apple de hoy?"},"content":{"rendered":"<p>La cita\u00a0online,\u00a0bajo el lema \u2018Peek performance\u2019, se desarrolla el d\u00eda de hoy, a partir de las 12:00 PM hora de M\u00e9xico\u00a0y podr\u00e1s darle seguimiento en <a rel=\"noreferrer noopener\" href=\"https:\/\/www.apple.com\/apple-events\/\" data-type=\"URL\" data-id=\"https:\/\/www.apple.com\/apple-events\/\" target=\"_blank\">apple.com<\/a>, en la aplicaci\u00f3n <strong>Apple TV<\/strong> y en el canal de <a rel=\"noreferrer noopener\" href=\"https:\/\/www.youtube.com\/watch?v=CUwg_JoNHpo\" data-type=\"URL\" data-id=\"https:\/\/www.youtube.com\/watch?v=CUwg_JoNHpo\" target=\"_blank\">YouTube<\/a>\u00a0de la compa\u00f1\u00eda estadounidense. <\/p>\n\n\n\n<h2 class=\"wp-block-heading\">Lo qu\u00e9 se sabe<\/h2>\n\n\n\n<p id=\"m107-106-108\">Se cree que llegar\u00e1 un nuevo iPhone, en este caso, se tratar\u00eda de la versi\u00f3n 2022 del\u00a0iPhone\u00a0SE, el modelo de perfil m\u00e1s econ\u00f3mico. Esta\u00a0tercera generaci\u00f3n\u00a0vendr\u00eda con pantalla de 4,7 pulgadas, con el\u00a0chip A15\u00a0en su interior y con tecnolog\u00eda 5G. (Sin grandes cambios en t\u00e9rminos de dise\u00f1o).<\/p>\n\n\n\n<p id=\"m112-111-113\">Tambi\u00e9n se habla del\u00a0iPad\u00a0Air 5, definido por el recorrido del flamante chip M1, un salto a considerar teniendo en cuenta que el Air 4, integra el A14 Bionic con tecnolog\u00eda 5G.<\/p>\n\n\n\n<p id=\"m112-111-113\">Tambi\u00e9n se espera la puesta en escena\u00a0de varios Macs con la entrada del potente M2. Se cree que veremos un MacBook Pro de 13 pulgadas y un MacBook Air. Incluso un modelo mini.<\/p>\n\n\n\n<p id=\"m117-116-118\">Para redondear las novedades,\u00a0se comenta que Apple lanzar\u00eda un producto sorpresa. Uno, de los que m\u00e1s fuerza cobran ser\u00eda: el <strong>Apple Studio Display<\/strong>, un monitor con resoluci\u00f3n <strong>7K<\/strong>.<\/p>\n\n\n\n<p>Fuente. <a href=\"https:\/\/www.theverge.com\/2022\/3\/6\/22960325\/apple-march-2022-event-iphone-se-peek-performance-rumors-announcements\" data-type=\"URL\" data-id=\"https:\/\/www.theverge.com\/2022\/3\/6\/22960325\/apple-march-2022-event-iphone-se-peek-performance-rumors-announcements\" target=\"_blank\" rel=\"noreferrer noopener\">The Verge<\/a>.<\/p>","protected":false},"excerpt":{"rendered":"<p>La cita\u00a0online,\u00a0bajo el lema \u2018Peek performance\u2019, se desarrolla el d\u00eda de hoy, a partir de las 12:00 PM hora de M\u00e9xico\u00a0y podr\u00e1s darle seguimiento en apple.com, en la aplicaci\u00f3n Apple TV y en el canal de YouTube\u00a0de la compa\u00f1\u00eda estadounidense. Lo qu\u00e9 se sabe Se cree que llegar\u00e1 un nuevo iPhone, en este caso, se &hellip;<\/p>","protected":false},"author":2,"featured_media":17072,"comment_status":"closed","ping_status":"closed","sticky":false,"template":"","format":"standard","meta":{"jetpack_post_was_ever_published":false,"_jetpack_newsletter_access":"","_jetpack_dont_email_post_to_subs":false,"_jetpack_newsletter_tier_id":0,"_jetpack_memberships_contains_paywalled_content":false,"_jetpack_memberships_contains_paid_content":false,"footnotes":"","jetpack_publicize_message":"","jetpack_publicize_feature_enabled":true,"jetpack_social_post_already_shared":true,"jetpack_social_options":{"image_generator_settings":{"template":"highway","default_image_id":0,"font":"","enabled":false},"version":2}},"categories":[5,1097],"tags":[1099],"class_list":["post-17068","post","type-post","status-publish","format-standard","has-post-thumbnail","hentry","category-apple","category-keynote","tag-keynote"],"jetpack_publicize_connections":[],"jetpack_featured_media_url":"https:\/\/www.macquero.com\/wp-content\/uploads\/2022\/03\/ey.jpg","jetpack_sharing_enabled":true,"_links":{"self":[{"href":"https:\/\/www.macquero.com\/en\/wp-json\/wp\/v2\/posts\/17068","targetHints":{"allow":["GET"]}}],"collection":[{"href":"https:\/\/www.macquero.com\/en\/wp-json\/wp\/v2\/posts"}],"about":[{"href":"https:\/\/www.macquero.com\/en\/wp-json\/wp\/v2\/types\/post"}],"author":[{"embeddable":true,"href":"https:\/\/www.macquero.com\/en\/wp-json\/wp\/v2\/users\/2"}],"replies":[{"embeddable":true,"href":"https:\/\/www.macquero.com\/en\/wp-json\/wp\/v2\/comments?post=17068"}],"version-history":[{"count":4,"href":"https:\/\/www.macquero.com\/en\/wp-json\/wp\/v2\/posts\/17068\/revisions"}],"predecessor-version":[{"id":17073,"href":"https:\/\/www.macquero.com\/en\/wp-json\/wp\/v2\/posts\/17068\/revisions\/17073"}],"wp:featuredmedia":[{"embeddable":true,"href":"https:\/\/www.macquero.com\/en\/wp-json\/wp\/v2\/media\/17072"}],"wp:attachment":[{"href":"https:\/\/www.macquero.com\/en\/wp-json\/wp\/v2\/media?parent=17068"}],"wp:term":[{"taxonomy":"category","embeddable":true,"href":"https:\/\/www.macquero.com\/en\/wp-json\/wp\/v2\/categories?post=17068"},{"taxonomy":"post_tag","embeddable":true,"href":"https:\/\/www.macquero.com\/en\/wp-json\/wp\/v2\/tags?post=17068"}],"curies":[{"name":"wp","href":"https:\/\/api.w.org\/{rel}","templated":true}]}}