{"id":17019,"date":"2022-03-06T04:15:21","date_gmt":"2022-03-06T10:15:21","guid":{"rendered":"https:\/\/www.macquero.com\/?p=17019"},"modified":"2022-03-06T04:15:25","modified_gmt":"2022-03-06T10:15:25","slug":"apple-podria-solucionar-los-problemas-de-reconocimiento-facial-en-tu-iphone","status":"publish","type":"post","link":"https:\/\/www.macquero.com\/en\/2022\/03\/apple-podria-solucionar-los-problemas-de-reconocimiento-facial-en-tu-iphone\/","title":{"rendered":"Apple podr\u00eda solucionar los problemas de reconocimiento facial en tu iPhone."},"content":{"rendered":"<p>Hasta ahora, para arreglar un problema con Face ID en un iPhone, los t\u00e9cnicos deb\u00edan reemplazar pr\u00e1cticamente todo el dispositivo, pero eso podr\u00eda estar a punto de cambiar.<\/p>\n\n\n\n<p><a rel=\"noreferrer noopener\" href=\"https:\/\/www.macrumors.com\/2022\/02\/24\/iphone-same-unit-face-id-repairs\/\" data-type=\"URL\" data-id=\"https:\/\/www.macrumors.com\/2022\/02\/24\/iphone-same-unit-face-id-repairs\/\" target=\"_blank\">Seg\u00fan MacRumors<\/a>, los t\u00e9cnicos de servicio autorizados de&nbsp;Apple&nbsp;podr\u00edan realizar reparaciones de Face ID en iPhone XS y modelos posteriores sin tener que reemplazar todo el m\u00f3vil.&nbsp;De este modo, la marca estar\u00eda dando acceso a una nueva parte del servicio TrueBepth Camera en los establecimientos autorizados.&nbsp;<\/p>\n\n\n\n<p>Hasta ahora, los smartphones que sufr\u00edan problemas con la tecnolog\u00eda de Face ID deb\u00edan reemplazar el&nbsp;dispositivo&nbsp;por completo. No obstante, parece ser, seg\u00fan la fuente Apple otorgar\u00eda permisos para entrar al servicio TrueBepth,&nbsp;<strong>encargado de Face ID y de los m\u00f3dulos de c\u00e1mara frontal.<\/strong><\/p>\n\n\n\n<p>A pesar de que la noticia ya ha salido a la luz mediante el medio de comunicaci\u00f3n estadounidense. Todav\u00eda no se sabe cu\u00e1ndo comenzar\u00e1n a poner en pr\u00e1ctica esta resoluci\u00f3n.&nbsp;De momento, solo se conoce que la empresa ofrecer\u00e1 una <strong>capacitaci\u00f3n y documentaci\u00f3n a los t\u00e9cnicos<\/strong> <strong>autorizados<\/strong> para que puedan llevar a cabo las reparaciones.<\/p>\n\n\n\n<p>Esta, no es la primera vez que&nbsp;Apple&nbsp;ofrece una respuesta por iniciativa, para ofrecer la reparaci\u00f3n de sus&nbsp;iPhones. En noviembre del a\u00f1o pasado, la compa\u00f1\u00eda anunci\u00f3 su programa de&nbsp;\u2018<a rel=\"noreferrer noopener\" href=\"https:\/\/www.macquero.com\/en\/2021\/11\/apple-sorprende-y-anuncia-una-inesperada-noticia-podras-arreglar-en-casa-tu-propio-iphone\/\" data-type=\"URL\" data-id=\"https:\/\/www.macquero.com\/2021\/11\/apple-sorprende-y-anuncia-una-inesperada-noticia-podras-arreglar-en-casa-tu-propio-iphone\/\" target=\"_blank\">Reparaci\u00f3n de autoservicio<\/a>\u2019, que facilita las reparaciones desde casa lo cu\u00e1l impact\u00f3 y gener\u00f3 controversia entre los seguidores de la marca. <\/p>","protected":false},"excerpt":{"rendered":"<p>Hasta ahora, para arreglar un problema con Face ID en un iPhone, los t\u00e9cnicos deb\u00edan reemplazar pr\u00e1cticamente todo el dispositivo, pero eso podr\u00eda estar a punto de cambiar. Seg\u00fan MacRumors, los t\u00e9cnicos de servicio autorizados de&nbsp;Apple&nbsp;podr\u00edan realizar reparaciones de Face ID en iPhone XS y modelos posteriores sin tener que reemplazar todo el m\u00f3vil.&nbsp;De este &hellip;<\/p>","protected":false},"author":2,"featured_media":17021,"comment_status":"closed","ping_status":"closed","sticky":false,"template":"","format":"standard","meta":{"jetpack_post_was_ever_published":false,"_jetpack_newsletter_access":"","_jetpack_dont_email_post_to_subs":false,"_jetpack_newsletter_tier_id":0,"_jetpack_memberships_contains_paywalled_content":false,"_jetpack_memberships_contains_paid_content":false,"footnotes":"","jetpack_publicize_message":"","jetpack_publicize_feature_enabled":true,"jetpack_social_post_already_shared":true,"jetpack_social_options":{"image_generator_settings":{"template":"highway","default_image_id":0,"font":"","enabled":false},"version":2}},"categories":[5],"tags":[1074],"class_list":["post-17019","post","type-post","status-publish","format-standard","has-post-thumbnail","hentry","category-apple","tag-rumores"],"jetpack_publicize_connections":[],"jetpack_featured_media_url":"https:\/\/www.macquero.com\/wp-content\/uploads\/2022\/03\/ih.jpg","jetpack_sharing_enabled":true,"_links":{"self":[{"href":"https:\/\/www.macquero.com\/en\/wp-json\/wp\/v2\/posts\/17019","targetHints":{"allow":["GET"]}}],"collection":[{"href":"https:\/\/www.macquero.com\/en\/wp-json\/wp\/v2\/posts"}],"about":[{"href":"https:\/\/www.macquero.com\/en\/wp-json\/wp\/v2\/types\/post"}],"author":[{"embeddable":true,"href":"https:\/\/www.macquero.com\/en\/wp-json\/wp\/v2\/users\/2"}],"replies":[{"embeddable":true,"href":"https:\/\/www.macquero.com\/en\/wp-json\/wp\/v2\/comments?post=17019"}],"version-history":[{"count":2,"href":"https:\/\/www.macquero.com\/en\/wp-json\/wp\/v2\/posts\/17019\/revisions"}],"predecessor-version":[{"id":17022,"href":"https:\/\/www.macquero.com\/en\/wp-json\/wp\/v2\/posts\/17019\/revisions\/17022"}],"wp:featuredmedia":[{"embeddable":true,"href":"https:\/\/www.macquero.com\/en\/wp-json\/wp\/v2\/media\/17021"}],"wp:attachment":[{"href":"https:\/\/www.macquero.com\/en\/wp-json\/wp\/v2\/media?parent=17019"}],"wp:term":[{"taxonomy":"category","embeddable":true,"href":"https:\/\/www.macquero.com\/en\/wp-json\/wp\/v2\/categories?post=17019"},{"taxonomy":"post_tag","embeddable":true,"href":"https:\/\/www.macquero.com\/en\/wp-json\/wp\/v2\/tags?post=17019"}],"curies":[{"name":"wp","href":"https:\/\/api.w.org\/{rel}","templated":true}]}}