{"id":17013,"date":"2022-03-06T00:13:00","date_gmt":"2022-03-06T06:13:00","guid":{"rendered":"https:\/\/www.macquero.com\/?p=17013"},"modified":"2022-03-03T08:18:09","modified_gmt":"2022-03-03T14:18:09","slug":"medianoche-en-el-pera-palace-midnight-at-the-pera-palace","status":"publish","type":"post","link":"https:\/\/www.macquero.com\/en\/2022\/03\/medianoche-en-el-pera-palace-midnight-at-the-pera-palace\/","title":{"rendered":"Medianoche en el Pera Palace. &#8211; Midnight at the Pera Palace."},"content":{"rendered":"<p>Puntuaci\u00f3n: &#x2b50;&#x2b50;&#x2b50;&#x2b50;&#x2b50;<\/p>\n\n\n\n<p>Nuestra siguiente recomendaci\u00f3n no debe pasar por debajo de la mesa. <\/p>\n\n\n\n<h2 class=\"wp-block-heading\">Sipnosis<\/h2>\n\n\n\n<p>Creada por\u00a0Elif Usman\u00a0y con la direcci\u00f3n de\u00a0Emre \u015eahin,\u00a0Medianoche en el Pera Palace<br>es una adaptaci\u00f3n del galardonado libro de Charles King. Esta serie de ocho episodios narra la experiencia de la joven periodista Esra (<a rel=\"noreferrer noopener\" href=\"https:\/\/www.instagram.com\/hazalkaya\/\" data-type=\"URL\" data-id=\"https:\/\/www.instagram.com\/hazalkaya\/\" target=\"_blank\">Hazal Kaya<\/a>) con el legendario hotel Pera Palace de Estambul. <\/p>\n\n\n\n<p>Cuando a Esra le piden que escriba una nota acerca del hotel, descubre accidentalmente que una de sus habitaciones hist\u00f3ricas es un portal que lleva al a\u00f1o 1919.<\/p>\n\n\n\n<p>As\u00ed es como aparece en el pasado y en plena conspiraci\u00f3n pol\u00edtica contra el fundador de la Turqu\u00eda moderna, Mustaf\u00e1 Kemal Atat\u00fcrk. Junto con Ahmet (<strong>Tansu Bi\u00e7er<\/strong>), el peculiar director del hotel, Esra deber\u00e1 proteger el curso de la historia y el futuro de Turqu\u00eda.<\/p>\n\n\n\n<figure class=\"wp-block-pullquote\"><blockquote><p>Historia de ciencia ficci\u00f3n de \u00e9poca.<\/p><\/blockquote><\/figure>\n\n\n\n<p>Su fortaleza es el \u00edmpetu y (la curiosa personalidad) de la actriz principal, qui\u00e9n adem\u00e1s deber\u00e1 surcar e investigar el complot, descubrir inadvertidamente qui\u00e9nes son los responsables y tratar por todos los medios a su alcance impedirlo, si quiere que el futuro de Turqu\u00eda no cambie.<\/p>\n\n\n\n<p><strong>\u00a1Ya quiero la segunda temporada!\u00a0 <\/strong>&#x1f600;<\/p>","protected":false},"excerpt":{"rendered":"<p>Puntuaci\u00f3n: &#x2b50;&#x2b50;&#x2b50;&#x2b50;&#x2b50; Nuestra siguiente recomendaci\u00f3n no debe pasar por debajo de la mesa. Sipnosis Creada por\u00a0Elif Usman\u00a0y con la direcci\u00f3n de\u00a0Emre \u015eahin,\u00a0Medianoche en el Pera Palacees una adaptaci\u00f3n del galardonado libro de Charles King. Esta serie de ocho episodios narra la experiencia de la joven periodista Esra (Hazal Kaya) con el legendario hotel Pera Palace &hellip;<\/p>","protected":false},"author":2,"featured_media":17016,"comment_status":"closed","ping_status":"closed","sticky":false,"template":"","format":"standard","meta":{"jetpack_post_was_ever_published":false,"_jetpack_newsletter_access":"","_jetpack_dont_email_post_to_subs":false,"_jetpack_newsletter_tier_id":0,"_jetpack_memberships_contains_paywalled_content":false,"_jetpack_memberships_contains_paid_content":false,"footnotes":"","jetpack_publicize_message":"","jetpack_publicize_feature_enabled":true,"jetpack_social_post_already_shared":true,"jetpack_social_options":{"image_generator_settings":{"template":"highway","default_image_id":0,"font":"","enabled":false},"version":2}},"categories":[733,732],"tags":[431,779,791,432],"class_list":["post-17013","post","type-post","status-publish","format-standard","has-post-thumbnail","hentry","category-originales-de-netflix","category-series","tag-ciencia-ficcion","tag-emocionante","tag-intriga","tag-suspenso"],"jetpack_publicize_connections":[],"jetpack_featured_media_url":"https:\/\/www.macquero.com\/wp-content\/uploads\/2022\/03\/la-2.jpg","jetpack_sharing_enabled":true,"_links":{"self":[{"href":"https:\/\/www.macquero.com\/en\/wp-json\/wp\/v2\/posts\/17013","targetHints":{"allow":["GET"]}}],"collection":[{"href":"https:\/\/www.macquero.com\/en\/wp-json\/wp\/v2\/posts"}],"about":[{"href":"https:\/\/www.macquero.com\/en\/wp-json\/wp\/v2\/types\/post"}],"author":[{"embeddable":true,"href":"https:\/\/www.macquero.com\/en\/wp-json\/wp\/v2\/users\/2"}],"replies":[{"embeddable":true,"href":"https:\/\/www.macquero.com\/en\/wp-json\/wp\/v2\/comments?post=17013"}],"version-history":[{"count":3,"href":"https:\/\/www.macquero.com\/en\/wp-json\/wp\/v2\/posts\/17013\/revisions"}],"predecessor-version":[{"id":17017,"href":"https:\/\/www.macquero.com\/en\/wp-json\/wp\/v2\/posts\/17013\/revisions\/17017"}],"wp:featuredmedia":[{"embeddable":true,"href":"https:\/\/www.macquero.com\/en\/wp-json\/wp\/v2\/media\/17016"}],"wp:attachment":[{"href":"https:\/\/www.macquero.com\/en\/wp-json\/wp\/v2\/media?parent=17013"}],"wp:term":[{"taxonomy":"category","embeddable":true,"href":"https:\/\/www.macquero.com\/en\/wp-json\/wp\/v2\/categories?post=17013"},{"taxonomy":"post_tag","embeddable":true,"href":"https:\/\/www.macquero.com\/en\/wp-json\/wp\/v2\/tags?post=17013"}],"curies":[{"name":"wp","href":"https:\/\/api.w.org\/{rel}","templated":true}]}}