{"id":17010,"date":"2022-03-05T00:16:00","date_gmt":"2022-03-05T06:16:00","guid":{"rendered":"https:\/\/www.macquero.com\/?p=17010"},"modified":"2022-03-03T05:29:16","modified_gmt":"2022-03-03T11:29:16","slug":"the-flash-temporada-7","status":"publish","type":"post","link":"https:\/\/www.macquero.com\/en\/2022\/03\/the-flash-temporada-7\/","title":{"rendered":"The Flash. Temporada 7."},"content":{"rendered":"<p>Puntuaci\u00f3n: &#x2b50;&#x2b50;&#x2b50;&#x2b50;&#x2b50;<\/p>\n\n\n\n<p>Ha sido una larga espera para todos los fans (incluy\u00e9ndome), debido a que la temporada se atras\u00f3 gracias a la pandemia. <\/p>\n\n\n\n<p>La s\u00e9ptima entrega\u00a0llega r\u00e1pidamente a la plataforma. Y podr\u00e1s verla incluso m\u00e1s r\u00e1pido, ya que el recuento de episodios del programa pas\u00f3 de una temporada de 22-24 episodios, a una de 18 episodios.<\/p>\n\n\n\n<p>Lo importante es el ahora. <\/p>","protected":false},"excerpt":{"rendered":"<p>Puntuaci\u00f3n: &#x2b50;&#x2b50;&#x2b50;&#x2b50;&#x2b50; Ha sido una larga espera para todos los fans (incluy\u00e9ndome), debido a que la temporada se atras\u00f3 gracias a la pandemia. La s\u00e9ptima entrega\u00a0llega r\u00e1pidamente a la plataforma. Y podr\u00e1s verla incluso m\u00e1s r\u00e1pido, ya que el recuento de episodios del programa pas\u00f3 de una temporada de 22-24 episodios, a una de 18 &hellip;<\/p>","protected":false},"author":2,"featured_media":17011,"comment_status":"closed","ping_status":"closed","sticky":false,"template":"","format":"standard","meta":{"jetpack_post_was_ever_published":false,"_jetpack_newsletter_access":"","_jetpack_dont_email_post_to_subs":false,"_jetpack_newsletter_tier_id":0,"_jetpack_memberships_contains_paywalled_content":false,"_jetpack_memberships_contains_paid_content":false,"footnotes":"","jetpack_publicize_message":"","jetpack_publicize_feature_enabled":true,"jetpack_social_post_already_shared":true,"jetpack_social_options":{"image_generator_settings":{"template":"highway","default_image_id":0,"font":"","enabled":false},"version":2}},"categories":[1007,732],"tags":[850,779],"class_list":["post-17010","post","type-post","status-publish","format-standard","has-post-thumbnail","hentry","category-avances","category-series","tag-adrenalinico","tag-emocionante"],"jetpack_publicize_connections":[],"jetpack_featured_media_url":"https:\/\/www.macquero.com\/wp-content\/uploads\/2022\/03\/la-1.jpg","jetpack_sharing_enabled":true,"_links":{"self":[{"href":"https:\/\/www.macquero.com\/en\/wp-json\/wp\/v2\/posts\/17010","targetHints":{"allow":["GET"]}}],"collection":[{"href":"https:\/\/www.macquero.com\/en\/wp-json\/wp\/v2\/posts"}],"about":[{"href":"https:\/\/www.macquero.com\/en\/wp-json\/wp\/v2\/types\/post"}],"author":[{"embeddable":true,"href":"https:\/\/www.macquero.com\/en\/wp-json\/wp\/v2\/users\/2"}],"replies":[{"embeddable":true,"href":"https:\/\/www.macquero.com\/en\/wp-json\/wp\/v2\/comments?post=17010"}],"version-history":[{"count":1,"href":"https:\/\/www.macquero.com\/en\/wp-json\/wp\/v2\/posts\/17010\/revisions"}],"predecessor-version":[{"id":17012,"href":"https:\/\/www.macquero.com\/en\/wp-json\/wp\/v2\/posts\/17010\/revisions\/17012"}],"wp:featuredmedia":[{"embeddable":true,"href":"https:\/\/www.macquero.com\/en\/wp-json\/wp\/v2\/media\/17011"}],"wp:attachment":[{"href":"https:\/\/www.macquero.com\/en\/wp-json\/wp\/v2\/media?parent=17010"}],"wp:term":[{"taxonomy":"category","embeddable":true,"href":"https:\/\/www.macquero.com\/en\/wp-json\/wp\/v2\/categories?post=17010"},{"taxonomy":"post_tag","embeddable":true,"href":"https:\/\/www.macquero.com\/en\/wp-json\/wp\/v2\/tags?post=17010"}],"curies":[{"name":"wp","href":"https:\/\/api.w.org\/{rel}","templated":true}]}}