{"id":16992,"date":"2022-03-03T01:21:22","date_gmt":"2022-03-03T07:21:22","guid":{"rendered":"https:\/\/www.macquero.com\/?p=16992"},"modified":"2022-03-03T01:36:51","modified_gmt":"2022-03-03T07:36:51","slug":"apple-confirma-keynote-para-el-8-de-marzo","status":"publish","type":"post","link":"https:\/\/www.macquero.com\/en\/2022\/03\/apple-confirma-keynote-para-el-8-de-marzo\/","title":{"rendered":"Apple confirma keynote para el 8 de marzo."},"content":{"rendered":"<p>Lo qu\u00e9 se espera de la keynote seg\u00fan el reportero de Bloomberg Mark Gurman, (quien suele ser una fuente confiable de rumores sobre Apple),&nbsp;es posible que la marca anuncie para este evento un iPhone SE barato. <\/p>\n\n\n\n<blockquote class=\"wp-block-quote is-layout-flow wp-block-quote-is-layout-flow\"><p>El nuevo dispositivo llegar\u00e1 con 5G, un chip de CPU A15 m\u00e1s r\u00e1pido y mejores c\u00e1maras, y compartir\u00e1 el mismo dise\u00f1o que el modelo actual, lo que significa que podr\u00eda conservar la funci\u00f3n Touch ID.<\/p><\/blockquote>\n\n\n\n<p>Entre los rumores tambi\u00e9n se apuesta a que\u00a0Apple anuncie la \u00faltima versi\u00f3n de su iPad Air. Se espera que la nueva\u00a0tablet\u00a0llegue con un nuevo CPU y tecnolog\u00eda 5G para modelos equipados con celular.\u00a0<\/p>\n\n\n\n<p>Entre otras opciones se vislumbra el anuncio de la llegada de iOS 15.4, la cu\u00e1l permitir\u00eda desbloquear el iPhone y el iPad con Face ID aunque llevemos el cubre bocas puesto. Asimismo llegar\u00eda una funci\u00f3n de control universal, lo que significar\u00eda que los usuarios podr\u00edan usar un teclado y un mouse en varios dispositivos iPad y computadoras Mac.<\/p>\n\n\n\n<p>El plato fuerte de la keynote para este a\u00f1o es la posibilidad de mencionar un Mac con chips dise\u00f1ados por&nbsp;la propia Apple, aunque seg\u00fan el experto, afirma que probablemente eso no ser\u00e1 algo que veamos este martes.&nbsp;<\/p>\n\n\n\n<p>Fuente: <a href=\"https:\/\/www.apple.com\/es\/apple-events\/\" data-type=\"URL\" data-id=\"https:\/\/www.apple.com\/es\/apple-events\/\" target=\"_blank\" rel=\"noreferrer noopener\">www.apple.com\/es\/apple-events\/<\/a><a href=\"https:\/\/www.20minutos.es\/tecnologia\/moviles-dispositivos\/el-proximo-iphone-llegara-mucho-antes-de-lo-que-esperas-y-vendra-acompanado-de-otros-dispositivos-top-4958194\/\"><\/a><\/p>","protected":false},"excerpt":{"rendered":"<p>Lo qu\u00e9 se espera de la keynote seg\u00fan el reportero de Bloomberg Mark Gurman, (quien suele ser una fuente confiable de rumores sobre Apple),&nbsp;es posible que la marca anuncie para este evento un iPhone SE barato. El nuevo dispositivo llegar\u00e1 con 5G, un chip de CPU A15 m\u00e1s r\u00e1pido y mejores c\u00e1maras, y compartir\u00e1 el &hellip;<\/p>","protected":false},"author":2,"featured_media":17001,"comment_status":"closed","ping_status":"closed","sticky":false,"template":"","format":"standard","meta":{"jetpack_post_was_ever_published":false,"_jetpack_newsletter_access":"","_jetpack_dont_email_post_to_subs":false,"_jetpack_newsletter_tier_id":0,"_jetpack_memberships_contains_paywalled_content":false,"_jetpack_memberships_contains_paid_content":false,"footnotes":"","jetpack_publicize_message":"","jetpack_publicize_feature_enabled":true,"jetpack_social_post_already_shared":true,"jetpack_social_options":{"image_generator_settings":{"template":"highway","default_image_id":0,"font":"","enabled":false},"version":2}},"categories":[5],"tags":[],"class_list":["post-16992","post","type-post","status-publish","format-standard","has-post-thumbnail","hentry","category-apple"],"jetpack_publicize_connections":[],"jetpack_featured_media_url":"https:\/\/www.macquero.com\/wp-content\/uploads\/2022\/03\/ap.jpg","jetpack_sharing_enabled":true,"_links":{"self":[{"href":"https:\/\/www.macquero.com\/en\/wp-json\/wp\/v2\/posts\/16992","targetHints":{"allow":["GET"]}}],"collection":[{"href":"https:\/\/www.macquero.com\/en\/wp-json\/wp\/v2\/posts"}],"about":[{"href":"https:\/\/www.macquero.com\/en\/wp-json\/wp\/v2\/types\/post"}],"author":[{"embeddable":true,"href":"https:\/\/www.macquero.com\/en\/wp-json\/wp\/v2\/users\/2"}],"replies":[{"embeddable":true,"href":"https:\/\/www.macquero.com\/en\/wp-json\/wp\/v2\/comments?post=16992"}],"version-history":[{"count":7,"href":"https:\/\/www.macquero.com\/en\/wp-json\/wp\/v2\/posts\/16992\/revisions"}],"predecessor-version":[{"id":17005,"href":"https:\/\/www.macquero.com\/en\/wp-json\/wp\/v2\/posts\/16992\/revisions\/17005"}],"wp:featuredmedia":[{"embeddable":true,"href":"https:\/\/www.macquero.com\/en\/wp-json\/wp\/v2\/media\/17001"}],"wp:attachment":[{"href":"https:\/\/www.macquero.com\/en\/wp-json\/wp\/v2\/media?parent=16992"}],"wp:term":[{"taxonomy":"category","embeddable":true,"href":"https:\/\/www.macquero.com\/en\/wp-json\/wp\/v2\/categories?post=16992"},{"taxonomy":"post_tag","embeddable":true,"href":"https:\/\/www.macquero.com\/en\/wp-json\/wp\/v2\/tags?post=16992"}],"curies":[{"name":"wp","href":"https:\/\/api.w.org\/{rel}","templated":true}]}}