{"id":16900,"date":"2022-02-20T00:05:00","date_gmt":"2022-02-20T06:05:00","guid":{"rendered":"https:\/\/www.macquero.com\/?p=16900"},"modified":"2022-02-20T00:52:00","modified_gmt":"2022-02-20T06:52:00","slug":"lo-que-sabemos-del-nuevo-iphone-y-otros-dispositivos-para-este-2022","status":"publish","type":"post","link":"https:\/\/www.macquero.com\/en\/2022\/02\/lo-que-sabemos-del-nuevo-iphone-y-otros-dispositivos-para-este-2022\/","title":{"rendered":"Lo qu\u00e9 sabemos del nuevo iPhone y otros dispositivos para este 2022."},"content":{"rendered":"<p>Mark Gurman, analista de Bloomberg,&nbsp;indic\u00f3&nbsp;que&nbsp;Apple&nbsp;podr\u00eda lanzar novedades en marzo de este 2022 en un formato presentado a trav\u00e9s de un evento digital.<\/p>\n\n\n\n<h2 class=\"wp-block-heading\">News<\/h2>\n\n\n\n<ul class=\"wp-block-list\"><li>La principal novedad\u00a0ser\u00e1 la actualizaci\u00f3n del\u00a0iPhone\u00a0SE\u00a0que incorporar\u00e1 capacidades de red\u00a05G, un procesador m\u00e1s r\u00e1pido, una c\u00e1mara mejorada y un dise\u00f1o similar a su anterior versi\u00f3n. Adem\u00e1s, se presentar\u00e1\u00a0el nuevo\u00a0iPad\u00a0Air\u00a0con una capacidad red de 5G y un procesador m\u00e1s avanzado.<\/li><li>Por otro lado, se espera el lanzamiento de un nuevo\u00a0Mac\u00a0con chips dise\u00f1ados por la propia Apple: Para el Mac mini se espera un modelo de gama alta, el\u00a0port\u00e1til\u00a0podr\u00eda ser una nueva generaci\u00f3n de\u00a0MacBook\u00a0Air con un redise\u00f1o, y el tercer modelo ser\u00eda una computadora iMac Pro, con un hardware m\u00e1s potente y una pantalla miniLED de 27 pulgadas.<\/li><\/ul>\n\n\n\n<p>Bloomberg se\u00f1al\u00f3 que la compa\u00f1\u00eda plantea lanzar en marzo la&nbsp;actualizaci\u00f3n&nbsp;de macOS y el sistema operativo&nbsp;iOS&nbsp;15.4, incorporando novedades en Face ID, 37&nbsp;emojis&nbsp;nuevos, la desactivaci\u00f3n de las notificaciones en las automatizaciones y la posibilidad de a\u00f1adir notas para el llavero de iCloud.<\/p>\n\n\n\n<p>Por supuesto, cabe resaltar que son solo rumores y&nbsp;todo apunta que el evento se celebrar\u00e1 el pr\u00f3ximo 8 de marzo, sin confirmaci\u00f3n oficial.<\/p>","protected":false},"excerpt":{"rendered":"<p>Mark Gurman, analista de Bloomberg,&nbsp;indic\u00f3&nbsp;que&nbsp;Apple&nbsp;podr\u00eda lanzar novedades en marzo de este 2022 en un formato presentado a trav\u00e9s de un evento digital. Novedades La principal novedad\u00a0ser\u00e1 la actualizaci\u00f3n del\u00a0iPhone\u00a0SE\u00a0que incorporar\u00e1 capacidades de red\u00a05G, un procesador m\u00e1s r\u00e1pido, una c\u00e1mara mejorada y un dise\u00f1o similar a su anterior versi\u00f3n. Adem\u00e1s, se presentar\u00e1\u00a0el nuevo\u00a0iPad\u00a0Air\u00a0con una capacidad red &hellip;<\/p>","protected":false},"author":2,"featured_media":16902,"comment_status":"closed","ping_status":"closed","sticky":false,"template":"","format":"standard","meta":{"jetpack_post_was_ever_published":false,"_jetpack_newsletter_access":"","_jetpack_dont_email_post_to_subs":false,"_jetpack_newsletter_tier_id":0,"_jetpack_memberships_contains_paywalled_content":false,"_jetpack_memberships_contains_paid_content":false,"footnotes":"","jetpack_publicize_message":"","jetpack_publicize_feature_enabled":true,"jetpack_social_post_already_shared":true,"jetpack_social_options":{"image_generator_settings":{"template":"highway","default_image_id":0,"font":"","enabled":false},"version":2}},"categories":[5,1054],"tags":[1093,1092],"class_list":["post-16900","post","type-post","status-publish","format-standard","has-post-thumbnail","hentry","category-apple","category-rumores","tag-bloomberg","tag-evento-digital"],"jetpack_publicize_connections":[],"jetpack_featured_media_url":"https:\/\/www.macquero.com\/wp-content\/uploads\/2022\/02\/le.jpg","jetpack_sharing_enabled":true,"_links":{"self":[{"href":"https:\/\/www.macquero.com\/en\/wp-json\/wp\/v2\/posts\/16900","targetHints":{"allow":["GET"]}}],"collection":[{"href":"https:\/\/www.macquero.com\/en\/wp-json\/wp\/v2\/posts"}],"about":[{"href":"https:\/\/www.macquero.com\/en\/wp-json\/wp\/v2\/types\/post"}],"author":[{"embeddable":true,"href":"https:\/\/www.macquero.com\/en\/wp-json\/wp\/v2\/users\/2"}],"replies":[{"embeddable":true,"href":"https:\/\/www.macquero.com\/en\/wp-json\/wp\/v2\/comments?post=16900"}],"version-history":[{"count":3,"href":"https:\/\/www.macquero.com\/en\/wp-json\/wp\/v2\/posts\/16900\/revisions"}],"predecessor-version":[{"id":16909,"href":"https:\/\/www.macquero.com\/en\/wp-json\/wp\/v2\/posts\/16900\/revisions\/16909"}],"wp:featuredmedia":[{"embeddable":true,"href":"https:\/\/www.macquero.com\/en\/wp-json\/wp\/v2\/media\/16902"}],"wp:attachment":[{"href":"https:\/\/www.macquero.com\/en\/wp-json\/wp\/v2\/media?parent=16900"}],"wp:term":[{"taxonomy":"category","embeddable":true,"href":"https:\/\/www.macquero.com\/en\/wp-json\/wp\/v2\/categories?post=16900"},{"taxonomy":"post_tag","embeddable":true,"href":"https:\/\/www.macquero.com\/en\/wp-json\/wp\/v2\/tags?post=16900"}],"curies":[{"name":"wp","href":"https:\/\/api.w.org\/{rel}","templated":true}]}}