{"id":16756,"date":"2022-02-07T00:25:48","date_gmt":"2022-02-07T06:25:48","guid":{"rendered":"https:\/\/www.macquero.com\/?p=16756"},"modified":"2022-02-07T00:25:51","modified_gmt":"2022-02-07T06:25:51","slug":"repasemos-la-historia-de-steve-jobs","status":"publish","type":"post","link":"https:\/\/www.macquero.com\/en\/2022\/02\/repasemos-la-historia-de-steve-jobs\/","title":{"rendered":"Repasemos la historia de Steve Jobs."},"content":{"rendered":"<p><strong>Steve Jobs<\/strong>\u00a0falleci\u00f3 a los 56 a\u00f1os el 5 de octubre de 2011, luego de un desequilibrio hormonal, producto de su lucha contra el c\u00e1ncer de p\u00e1ncreas y fue una gran p\u00e9rdida en el sector inform\u00e1tico. El magnate fue un pionero y su \u00e9xito lo logr\u00f3 gracias a la pasi\u00f3n que sent\u00eda por su trabajo, adem\u00e1s de haber recibido la ayuda de muchos colegas especializados en el sector.<\/p>\n\n\n\n<p><strong>Naci\u00f3 en San Francisco, California<\/strong> un 24 de febrero de 1955, sus padres eran muy j\u00f3venes y decidieron darlo en adopci\u00f3n a una familia de clase media, Paul Jobs y Clara Hagopian, de origen armenio. En 1961 se trasladaron a Mountain View, una ciudad al sur de Palo Alto, que empezaba a convertirse en un centro importante de la\u00a0industria de la electr\u00f3nica.\u00a0<\/p>\n\n\n\n<p>All\u00ed asisti\u00f3 a la\u00a0escuela primaria Cupertino Middle School\u00a0y a la secundaria Homestead H.S., tambi\u00e9n en Cupertino, donde m\u00e1s tarde fundar\u00eda la sede central de Apple. M\u00e1s tarde, se matricul\u00f3 en la\u00a0universidad Reed College de Portland, Oreg\u00f3n,\u00a0pero abandon\u00f3 a los seis meses porque no pod\u00eda pagarla.<\/p>\n\n\n\n<h2 class=\"wp-block-heading\">Steve Jobs y Steve Wozniak fundan Apple<\/h2>\n\n\n\n<p>A los 17 a\u00f1os,&nbsp;<strong>Steve Jobs<\/strong>&nbsp;conoci\u00f3 a Steve Wozniak, quien era cuatros a\u00f1os mayor, a trav\u00e9s de un amigo en com\u00fan y en el a\u00f1o 1976 decidieron fundar su compa\u00f1\u00eda. La idea tuvo lugar cuando Wozniak, un aficionado de la inform\u00e1tica, construy\u00f3 su primera computadora llamada<strong>&nbsp;Apple<\/strong>&nbsp;I y Jobs r\u00e1pidamente vio el negocio, por lo que comenz\u00f3 a venderla en tiendas electr\u00f3nicas.<\/p>\n\n\n\n<p>Al poco tiempo, empezaron a recibir peque\u00f1os encargos de computadoras que constru\u00edan ellos, llegando a vender unos 200 ejemplares de su&nbsp;<strong>m\u00e1quina Apple I.<\/strong>&nbsp;En consecuencia, el<strong>&nbsp;1 de abril de 1976 fundaron Apple Computer&nbsp;<\/strong>junto con Ron Wayne, un antiguo compa\u00f1ero de trabajo de<strong>&nbsp;Steve Jobs&nbsp;<\/strong>que luego vendi\u00f3 sus acciones.<\/p>\n\n\n\n<p>Con el dinero ganado, en<strong>\u00a0Apple<\/strong>\u00a0comenzaron a pensar en una m\u00e1quina bastante m\u00e1s ambiciosa: la<strong>\u00a0Apple II<\/strong>. Wozniak era el dise\u00f1ador de toda la l\u00f3gica y la electr\u00f3nica, mientras que Jobs era el creador del concepto y la visi\u00f3n de futuro de Apple, buscando que los usuarios disfruten la experiencia con sus productos.<\/p>\n\n\n\n<figure class=\"wp-block-pullquote\"><blockquote><p>Hoy, Apple es una de las empresas m\u00e1s exitosas en su rubro y su valor es de m\u00e1s de $3 billones de d\u00f3lares. <\/p><\/blockquote><\/figure>\n\n\n\n<p>Jobs fue el CEO hasta que enferm\u00f3 en 2011 y su lugar fue ocupado por el ingeniero Tim Cook, por su lado, Wozniak se retir\u00f3 en 1985, pero en 2019 se convirti\u00f3 en un empleado de la compa\u00f1\u00eda en un puesto ceremonial.<\/p>","protected":false},"excerpt":{"rendered":"<p>Steve Jobs\u00a0falleci\u00f3 a los 56 a\u00f1os el 5 de octubre de 2011, luego de un desequilibrio hormonal, producto de su lucha contra el c\u00e1ncer de p\u00e1ncreas y fue una gran p\u00e9rdida en el sector inform\u00e1tico. El magnate fue un pionero y su \u00e9xito lo logr\u00f3 gracias a la pasi\u00f3n que sent\u00eda por su trabajo, adem\u00e1s &hellip;<\/p>","protected":false},"author":2,"featured_media":16757,"comment_status":"closed","ping_status":"closed","sticky":false,"template":"","format":"standard","meta":{"jetpack_post_was_ever_published":false,"_jetpack_newsletter_access":"","_jetpack_dont_email_post_to_subs":false,"_jetpack_newsletter_tier_id":0,"_jetpack_memberships_contains_paywalled_content":false,"_jetpack_memberships_contains_paid_content":false,"footnotes":"","jetpack_publicize_message":"","jetpack_publicize_feature_enabled":true,"jetpack_social_post_already_shared":true,"jetpack_social_options":{"image_generator_settings":{"template":"highway","default_image_id":0,"font":"","enabled":false},"version":2}},"categories":[5],"tags":[1087],"class_list":["post-16756","post","type-post","status-publish","format-standard","has-post-thumbnail","hentry","category-apple","tag-en-memoria-de-steve-jobs"],"jetpack_publicize_connections":[],"jetpack_featured_media_url":"https:\/\/www.macquero.com\/wp-content\/uploads\/2022\/02\/jo.jpg","jetpack_sharing_enabled":true,"_links":{"self":[{"href":"https:\/\/www.macquero.com\/en\/wp-json\/wp\/v2\/posts\/16756","targetHints":{"allow":["GET"]}}],"collection":[{"href":"https:\/\/www.macquero.com\/en\/wp-json\/wp\/v2\/posts"}],"about":[{"href":"https:\/\/www.macquero.com\/en\/wp-json\/wp\/v2\/types\/post"}],"author":[{"embeddable":true,"href":"https:\/\/www.macquero.com\/en\/wp-json\/wp\/v2\/users\/2"}],"replies":[{"embeddable":true,"href":"https:\/\/www.macquero.com\/en\/wp-json\/wp\/v2\/comments?post=16756"}],"version-history":[{"count":1,"href":"https:\/\/www.macquero.com\/en\/wp-json\/wp\/v2\/posts\/16756\/revisions"}],"predecessor-version":[{"id":16758,"href":"https:\/\/www.macquero.com\/en\/wp-json\/wp\/v2\/posts\/16756\/revisions\/16758"}],"wp:featuredmedia":[{"embeddable":true,"href":"https:\/\/www.macquero.com\/en\/wp-json\/wp\/v2\/media\/16757"}],"wp:attachment":[{"href":"https:\/\/www.macquero.com\/en\/wp-json\/wp\/v2\/media?parent=16756"}],"wp:term":[{"taxonomy":"category","embeddable":true,"href":"https:\/\/www.macquero.com\/en\/wp-json\/wp\/v2\/categories?post=16756"},{"taxonomy":"post_tag","embeddable":true,"href":"https:\/\/www.macquero.com\/en\/wp-json\/wp\/v2\/tags?post=16756"}],"curies":[{"name":"wp","href":"https:\/\/api.w.org\/{rel}","templated":true}]}}