{"id":16697,"date":"2022-02-01T02:21:59","date_gmt":"2022-02-01T08:21:59","guid":{"rendered":"https:\/\/www.macquero.com\/?p=16697"},"modified":"2022-02-01T03:26:19","modified_gmt":"2022-02-01T09:26:19","slug":"una-buena-noticia-para-quienes-utilizan-whatsapp-en-su-iphone","status":"publish","type":"post","link":"https:\/\/www.macquero.com\/en\/2022\/02\/una-buena-noticia-para-quienes-utilizan-whatsapp-en-su-iphone\/","title":{"rendered":"Una buena noticia para quienes utilizan WhatsApp en su iPhone."},"content":{"rendered":"<p>Meta ha anunciado que en las pr\u00f3ximas semanas llegar\u00e1 una beta \u00fanicamente para usuarios con iOS con dos caracter\u00edsticas muy interesantes.<\/p>\n\n\n\n<ul class=\"wp-block-list\"><li><strong>Modo Concentraci\u00f3n.<\/strong><\/li><\/ul>\n\n\n\n<ul class=\"wp-block-list\"><li><strong>Comienza un audio y contin\u00faalo m\u00e1s tarde.<\/strong> <\/li><\/ul>\n\n\n\n<p>El primero de ellos busca qu\u00e9 los usuarios pueden personalizar con qu\u00e9 contactos espec\u00edficos quieren recibir notificaciones para evitar interrupciones. <strong>Una caracter\u00edstica interesante<\/strong>, ya qu\u00e9 nos permitir\u00e1 atender \u00fanicamente a mensajes importantes cuando estemos en horario laboral u en alguna actividad qu\u00e9 requiera compromiso de concentraci\u00f3n. <\/p>\n\n\n\n<p id=\"m213-212-214\">El segundo, tambi\u00e9n es una funci\u00f3n brillante. Cu\u00e1ndo grabamos un audio, y <strong>sufr\u00edamos alguna interrupci\u00f3n<\/strong> muchas veces nos ve\u00edamos obligados a empezar desde cero. Con est\u00e1 funci\u00f3n: ahora podr\u00e1s pausar y reanudar mientras grabas mensajes de voz.<\/p>\n\n\n\n<p id=\"m218-217-219\">Una actualizaci\u00f3n que tomar\u00e1 varias semanas en llegar a todos los dispositivos iPhone con iOS 15. Sin embargo la  versi\u00f3n <strong>22.2.75<\/strong> ya se puede descargar en la <a href=\"https:\/\/apps.apple.com\/mx\/app\/whatsapp-messenger\/id310633997\" data-type=\"URL\" data-id=\"https:\/\/apps.apple.com\/mx\/app\/whatsapp-messenger\/id310633997\" target=\"_blank\" rel=\"noreferrer noopener\">App Store<\/a>.<\/p>","protected":false},"excerpt":{"rendered":"<p>Meta ha anunciado que en las pr\u00f3ximas semanas llegar\u00e1 una beta \u00fanicamente para usuarios con iOS con dos caracter\u00edsticas muy interesantes. Modo Concentraci\u00f3n. Comienza un audio y contin\u00faalo m\u00e1s tarde. El primero de ellos busca qu\u00e9 los usuarios pueden personalizar con qu\u00e9 contactos espec\u00edficos quieren recibir notificaciones para evitar interrupciones. Una caracter\u00edstica interesante, ya qu\u00e9 &hellip;<\/p>","protected":false},"author":2,"featured_media":16699,"comment_status":"closed","ping_status":"closed","sticky":false,"template":"","format":"standard","meta":{"jetpack_post_was_ever_published":false,"_jetpack_newsletter_access":"","_jetpack_dont_email_post_to_subs":false,"_jetpack_newsletter_tier_id":0,"_jetpack_memberships_contains_paywalled_content":false,"_jetpack_memberships_contains_paid_content":false,"footnotes":"","jetpack_publicize_message":"","jetpack_publicize_feature_enabled":true,"jetpack_social_post_already_shared":true,"jetpack_social_options":{"image_generator_settings":{"template":"highway","default_image_id":0,"font":"","enabled":false},"version":2}},"categories":[5],"tags":[1082],"class_list":["post-16697","post","type-post","status-publish","format-standard","has-post-thumbnail","hentry","category-apple","tag-novedad"],"jetpack_publicize_connections":[],"jetpack_featured_media_url":"https:\/\/www.macquero.com\/wp-content\/uploads\/2022\/02\/wh.jpg","jetpack_sharing_enabled":true,"_links":{"self":[{"href":"https:\/\/www.macquero.com\/en\/wp-json\/wp\/v2\/posts\/16697","targetHints":{"allow":["GET"]}}],"collection":[{"href":"https:\/\/www.macquero.com\/en\/wp-json\/wp\/v2\/posts"}],"about":[{"href":"https:\/\/www.macquero.com\/en\/wp-json\/wp\/v2\/types\/post"}],"author":[{"embeddable":true,"href":"https:\/\/www.macquero.com\/en\/wp-json\/wp\/v2\/users\/2"}],"replies":[{"embeddable":true,"href":"https:\/\/www.macquero.com\/en\/wp-json\/wp\/v2\/comments?post=16697"}],"version-history":[{"count":3,"href":"https:\/\/www.macquero.com\/en\/wp-json\/wp\/v2\/posts\/16697\/revisions"}],"predecessor-version":[{"id":16706,"href":"https:\/\/www.macquero.com\/en\/wp-json\/wp\/v2\/posts\/16697\/revisions\/16706"}],"wp:featuredmedia":[{"embeddable":true,"href":"https:\/\/www.macquero.com\/en\/wp-json\/wp\/v2\/media\/16699"}],"wp:attachment":[{"href":"https:\/\/www.macquero.com\/en\/wp-json\/wp\/v2\/media?parent=16697"}],"wp:term":[{"taxonomy":"category","embeddable":true,"href":"https:\/\/www.macquero.com\/en\/wp-json\/wp\/v2\/categories?post=16697"},{"taxonomy":"post_tag","embeddable":true,"href":"https:\/\/www.macquero.com\/en\/wp-json\/wp\/v2\/tags?post=16697"}],"curies":[{"name":"wp","href":"https:\/\/api.w.org\/{rel}","templated":true}]}}