{"id":16668,"date":"2022-01-25T00:12:00","date_gmt":"2022-01-25T06:12:00","guid":{"rendered":"https:\/\/www.macquero.com\/?p=16668"},"modified":"2022-01-24T22:33:15","modified_gmt":"2022-01-25T04:33:15","slug":"los-siguientes-airpods-podrian-desactivar-lo-que-oyes-si-detectan-una-palabra-clave","status":"publish","type":"post","link":"https:\/\/www.macquero.com\/en\/2022\/01\/los-siguientes-airpods-podrian-desactivar-lo-que-oyes-si-detectan-una-palabra-clave\/","title":{"rendered":"Los siguientes AirPods podr\u00edan desactivar lo qu\u00e9 oyes, si detectan una palabra clave."},"content":{"rendered":"<p id=\"m132-131-133\">Esta funci\u00f3n ser\u00eda \u00fatil en algunas situaciones, como cuando un miembro de tu familia, te pide que hagas una tarea.&nbsp;<\/p>\n\n\n\n<p id=\"m132-131-133\">Apple&nbsp;ha presentado&nbsp;una patente&nbsp;que permitir\u00eda que los pr\u00f3ximos AirPods puedan ser programados para que anulen la cancelaci\u00f3n de ruido, (en est\u00e9 caso lo qu\u00e9 sea que est\u00e9s escuchando) cuando se diga tu nombre&nbsp;y as\u00ed poder escuchar lo que te est\u00e1n pidiendo.<\/p>\n\n\n\n<p>A pesar de que Apple haya presentado la patente,&nbsp;es posible que nunca lleguemos a verla.&nbsp;Sin embargo, si fuera posible, ser\u00eda una funci\u00f3n muy interesante.<\/p>","protected":false},"excerpt":{"rendered":"<p>Esta funci\u00f3n ser\u00eda \u00fatil en algunas situaciones, como cuando un miembro de tu familia, te pide que hagas una tarea.&nbsp; Apple&nbsp;ha presentado&nbsp;una patente&nbsp;que permitir\u00eda que los pr\u00f3ximos AirPods puedan ser programados para que anulen la cancelaci\u00f3n de ruido, (en est\u00e9 caso lo qu\u00e9 sea que est\u00e9s escuchando) cuando se diga tu nombre&nbsp;y as\u00ed poder escuchar &hellip;<\/p>","protected":false},"author":2,"featured_media":16675,"comment_status":"closed","ping_status":"closed","sticky":false,"template":"","format":"standard","meta":{"jetpack_post_was_ever_published":false,"_jetpack_newsletter_access":"","_jetpack_dont_email_post_to_subs":false,"_jetpack_newsletter_tier_id":0,"_jetpack_memberships_contains_paywalled_content":false,"_jetpack_memberships_contains_paid_content":false,"footnotes":"","jetpack_publicize_message":"","jetpack_publicize_feature_enabled":true,"jetpack_social_post_already_shared":true,"jetpack_social_options":{"image_generator_settings":{"template":"highway","default_image_id":0,"font":"","enabled":false},"version":2}},"categories":[5],"tags":[1080],"class_list":["post-16668","post","type-post","status-publish","format-standard","has-post-thumbnail","hentry","category-apple","tag-patentes"],"jetpack_publicize_connections":[],"jetpack_featured_media_url":"https:\/\/www.macquero.com\/wp-content\/uploads\/2022\/01\/ev.jpg","jetpack_sharing_enabled":true,"_links":{"self":[{"href":"https:\/\/www.macquero.com\/en\/wp-json\/wp\/v2\/posts\/16668","targetHints":{"allow":["GET"]}}],"collection":[{"href":"https:\/\/www.macquero.com\/en\/wp-json\/wp\/v2\/posts"}],"about":[{"href":"https:\/\/www.macquero.com\/en\/wp-json\/wp\/v2\/types\/post"}],"author":[{"embeddable":true,"href":"https:\/\/www.macquero.com\/en\/wp-json\/wp\/v2\/users\/2"}],"replies":[{"embeddable":true,"href":"https:\/\/www.macquero.com\/en\/wp-json\/wp\/v2\/comments?post=16668"}],"version-history":[{"count":5,"href":"https:\/\/www.macquero.com\/en\/wp-json\/wp\/v2\/posts\/16668\/revisions"}],"predecessor-version":[{"id":16676,"href":"https:\/\/www.macquero.com\/en\/wp-json\/wp\/v2\/posts\/16668\/revisions\/16676"}],"wp:featuredmedia":[{"embeddable":true,"href":"https:\/\/www.macquero.com\/en\/wp-json\/wp\/v2\/media\/16675"}],"wp:attachment":[{"href":"https:\/\/www.macquero.com\/en\/wp-json\/wp\/v2\/media?parent=16668"}],"wp:term":[{"taxonomy":"category","embeddable":true,"href":"https:\/\/www.macquero.com\/en\/wp-json\/wp\/v2\/categories?post=16668"},{"taxonomy":"post_tag","embeddable":true,"href":"https:\/\/www.macquero.com\/en\/wp-json\/wp\/v2\/tags?post=16668"}],"curies":[{"name":"wp","href":"https:\/\/api.w.org\/{rel}","templated":true}]}}