{"id":16635,"date":"2022-01-19T06:31:52","date_gmt":"2022-01-19T12:31:52","guid":{"rendered":"https:\/\/www.macquero.com\/?p=16635"},"modified":"2022-01-19T06:31:55","modified_gmt":"2022-01-19T12:31:55","slug":"lo-sabemos-estamos-repetitivos-para-que-no-te-agarren-desprevenido-apple-confirmo-que-estos-modelos-de-iphone-se-quedaran-sin-actualizaciones-de-seguridad","status":"publish","type":"post","link":"https:\/\/www.macquero.com\/en\/2022\/01\/lo-sabemos-estamos-repetitivos-para-que-no-te-agarren-desprevenido-apple-confirmo-que-estos-modelos-de-iphone-se-quedaran-sin-actualizaciones-de-seguridad\/","title":{"rendered":"\u00a1Lo sabemos! Estamos repetitivos. Para qu\u00e9 no te agarren desprevenido. Apple confirm\u00f3 que estos modelos de iPhone se quedar\u00e1n sin actualizaciones de seguridad."},"content":{"rendered":"<p>La compa\u00f1\u00eda de Cupertino lanz\u00f3 la primera versi\u00f3n de\u00a0iOS\u00a015 en septiembre de 2021, sin embargo, hasta ahora, los usuarios que ten\u00edan el sistema iOS 14 pod\u00edan recibir actualizaciones de seguridad sin la necesidad de instalar el nuevo software.<\/p>\n\n\n\n<p>Los\u00a0dispositivos\u00a0que ejecutan iOS 14.8 o versiones anteriores ya no se podr\u00e1n actualizar a iOS 14.8.1. En cambio, en el men\u00fa de: \u2018Actualizaci\u00f3n de software\u2019 solo muestra la opci\u00f3n de instalar iOS 15.2.1. a pesar de que anteriormente mostraba la actualizaci\u00f3n de iOS 15 como opcional.<\/p>\n\n\n\n<p>Ni modo. Ahora ya lo sabes. <\/p>","protected":false},"excerpt":{"rendered":"<p>La compa\u00f1\u00eda de Cupertino lanz\u00f3 la primera versi\u00f3n de\u00a0iOS\u00a015 en septiembre de 2021, sin embargo, hasta ahora, los usuarios que ten\u00edan el sistema iOS 14 pod\u00edan recibir actualizaciones de seguridad sin la necesidad de instalar el nuevo software. Los\u00a0dispositivos\u00a0que ejecutan iOS 14.8 o versiones anteriores ya no se podr\u00e1n actualizar a iOS 14.8.1. En cambio, &hellip;<\/p>","protected":false},"author":2,"featured_media":16636,"comment_status":"closed","ping_status":"closed","sticky":false,"template":"","format":"standard","meta":{"jetpack_post_was_ever_published":false,"_jetpack_newsletter_access":"","_jetpack_dont_email_post_to_subs":false,"_jetpack_newsletter_tier_id":0,"_jetpack_memberships_contains_paywalled_content":false,"_jetpack_memberships_contains_paid_content":false,"footnotes":"","jetpack_publicize_message":"","jetpack_publicize_feature_enabled":true,"jetpack_social_post_already_shared":true,"jetpack_social_options":{"image_generator_settings":{"template":"highway","default_image_id":0,"font":"","enabled":false},"version":2}},"categories":[5],"tags":[1048],"class_list":["post-16635","post","type-post","status-publish","format-standard","has-post-thumbnail","hentry","category-apple","tag-noticias"],"jetpack_publicize_connections":[],"jetpack_featured_media_url":"https:\/\/www.macquero.com\/wp-content\/uploads\/2022\/01\/gu.jpg","jetpack_sharing_enabled":true,"_links":{"self":[{"href":"https:\/\/www.macquero.com\/en\/wp-json\/wp\/v2\/posts\/16635","targetHints":{"allow":["GET"]}}],"collection":[{"href":"https:\/\/www.macquero.com\/en\/wp-json\/wp\/v2\/posts"}],"about":[{"href":"https:\/\/www.macquero.com\/en\/wp-json\/wp\/v2\/types\/post"}],"author":[{"embeddable":true,"href":"https:\/\/www.macquero.com\/en\/wp-json\/wp\/v2\/users\/2"}],"replies":[{"embeddable":true,"href":"https:\/\/www.macquero.com\/en\/wp-json\/wp\/v2\/comments?post=16635"}],"version-history":[{"count":1,"href":"https:\/\/www.macquero.com\/en\/wp-json\/wp\/v2\/posts\/16635\/revisions"}],"predecessor-version":[{"id":16637,"href":"https:\/\/www.macquero.com\/en\/wp-json\/wp\/v2\/posts\/16635\/revisions\/16637"}],"wp:featuredmedia":[{"embeddable":true,"href":"https:\/\/www.macquero.com\/en\/wp-json\/wp\/v2\/media\/16636"}],"wp:attachment":[{"href":"https:\/\/www.macquero.com\/en\/wp-json\/wp\/v2\/media?parent=16635"}],"wp:term":[{"taxonomy":"category","embeddable":true,"href":"https:\/\/www.macquero.com\/en\/wp-json\/wp\/v2\/categories?post=16635"},{"taxonomy":"post_tag","embeddable":true,"href":"https:\/\/www.macquero.com\/en\/wp-json\/wp\/v2\/tags?post=16635"}],"curies":[{"name":"wp","href":"https:\/\/api.w.org\/{rel}","templated":true}]}}