{"id":16593,"date":"2022-01-11T06:12:15","date_gmt":"2022-01-11T12:12:15","guid":{"rendered":"https:\/\/www.macquero.com\/?p=16593"},"modified":"2022-01-11T06:12:18","modified_gmt":"2022-01-11T12:12:18","slug":"estos-serian-los-modelos-de-iphone-que-no-recibiran-actualizacion-a-ios-16-segun-afirman-los-expertos","status":"publish","type":"post","link":"https:\/\/www.macquero.com\/en\/2022\/01\/estos-serian-los-modelos-de-iphone-que-no-recibiran-actualizacion-a-ios-16-segun-afirman-los-expertos\/","title":{"rendered":"Estos ser\u00edan los modelos de iPhone que no recibir\u00e1n actualizaci\u00f3n a iOS 16 seg\u00fan afirman los expertos."},"content":{"rendered":"<p>Este a\u00f1o la compa\u00f1\u00eda tecnol\u00f3gica Apple presentar\u00e1 la siguiente versi\u00f3n de su sistema operativo para dispositivos m\u00f3viles, denominada <strong>iOS 16 \/ iPadOS 16.<\/strong><\/p>\n\n\n\n<p>Portales especializados como iPhonesoft y 9to5Mac filtraron recientemente un listado de los tel\u00e9fonos que actualmente reciben actualizaciones a iOS 15, pero que probablemente no recibir\u00e1n la siguiente.\u00a0<\/p>\n\n\n\n<p>Si las estimaciones son ciertas, el nuevo sistema operativo de Apple requerir\u00eda <strong>un chip A10<\/strong> como la especificaci\u00f3n m\u00ednima para poder instalarse.\u00a0As\u00ed, que demos paso de una vez a las malas noticias. <strong>Estos ser\u00e1n los dispositivos, incluyendo las tabletas iPad, &#8220;que probablemente&#8221; no recibir\u00e1n la actualizaci\u00f3n de iOS 16 y iPadOS 16, seg\u00fan las filtraciones de los portales especializados.<\/strong><\/p>\n\n\n\n<ul class=\"wp-block-list\"><li>iPhone 6s.<\/li><li>iPhone 6s Plus.<\/li><li>iPhone SE original.<\/li><li>iPad mini 4.<\/li><li>iPad Air 2.<\/li><li>iPad de 5ta generaci\u00f3n.<\/li><li>Modelos 2015 de iPad Pro.<\/li><\/ul>","protected":false},"excerpt":{"rendered":"<p>Este a\u00f1o la compa\u00f1\u00eda tecnol\u00f3gica Apple presentar\u00e1 la siguiente versi\u00f3n de su sistema operativo para dispositivos m\u00f3viles, denominada iOS 16 \/ iPadOS 16. Portales especializados como iPhonesoft y 9to5Mac filtraron recientemente un listado de los tel\u00e9fonos que actualmente reciben actualizaciones a iOS 15, pero que probablemente no recibir\u00e1n la siguiente.\u00a0 Si las estimaciones son ciertas, &hellip;<\/p>","protected":false},"author":2,"featured_media":16594,"comment_status":"closed","ping_status":"closed","sticky":false,"template":"","format":"standard","meta":{"jetpack_post_was_ever_published":false,"_jetpack_newsletter_access":"","_jetpack_dont_email_post_to_subs":false,"_jetpack_newsletter_tier_id":0,"_jetpack_memberships_contains_paywalled_content":false,"_jetpack_memberships_contains_paid_content":false,"footnotes":"","jetpack_publicize_message":"","jetpack_publicize_feature_enabled":true,"jetpack_social_post_already_shared":true,"jetpack_social_options":{"image_generator_settings":{"template":"highway","default_image_id":0,"font":"","enabled":false},"version":2}},"categories":[5],"tags":[1074],"class_list":["post-16593","post","type-post","status-publish","format-standard","has-post-thumbnail","hentry","category-apple","tag-rumores"],"jetpack_publicize_connections":[],"jetpack_featured_media_url":"https:\/\/www.macquero.com\/wp-content\/uploads\/2022\/01\/ph.jpg","jetpack_sharing_enabled":true,"_links":{"self":[{"href":"https:\/\/www.macquero.com\/en\/wp-json\/wp\/v2\/posts\/16593","targetHints":{"allow":["GET"]}}],"collection":[{"href":"https:\/\/www.macquero.com\/en\/wp-json\/wp\/v2\/posts"}],"about":[{"href":"https:\/\/www.macquero.com\/en\/wp-json\/wp\/v2\/types\/post"}],"author":[{"embeddable":true,"href":"https:\/\/www.macquero.com\/en\/wp-json\/wp\/v2\/users\/2"}],"replies":[{"embeddable":true,"href":"https:\/\/www.macquero.com\/en\/wp-json\/wp\/v2\/comments?post=16593"}],"version-history":[{"count":1,"href":"https:\/\/www.macquero.com\/en\/wp-json\/wp\/v2\/posts\/16593\/revisions"}],"predecessor-version":[{"id":16595,"href":"https:\/\/www.macquero.com\/en\/wp-json\/wp\/v2\/posts\/16593\/revisions\/16595"}],"wp:featuredmedia":[{"embeddable":true,"href":"https:\/\/www.macquero.com\/en\/wp-json\/wp\/v2\/media\/16594"}],"wp:attachment":[{"href":"https:\/\/www.macquero.com\/en\/wp-json\/wp\/v2\/media?parent=16593"}],"wp:term":[{"taxonomy":"category","embeddable":true,"href":"https:\/\/www.macquero.com\/en\/wp-json\/wp\/v2\/categories?post=16593"},{"taxonomy":"post_tag","embeddable":true,"href":"https:\/\/www.macquero.com\/en\/wp-json\/wp\/v2\/tags?post=16593"}],"curies":[{"name":"wp","href":"https:\/\/api.w.org\/{rel}","templated":true}]}}