{"id":16525,"date":"2021-12-29T22:27:49","date_gmt":"2021-12-30T04:27:49","guid":{"rendered":"https:\/\/www.macquero.com\/?p=16525"},"modified":"2021-12-29T22:27:52","modified_gmt":"2021-12-30T04:27:52","slug":"los-mac-con-chip-m1-un-problema","status":"publish","type":"post","link":"https:\/\/www.macquero.com\/en\/2021\/12\/los-mac-con-chip-m1-un-problema\/","title":{"rendered":"Los Mac con chip M1. \u00bfUn problema?"},"content":{"rendered":"<p>Los nuevos equipos de Apple para Mac: M1, M1 Pro y M1 Max. Todos y cada uno de ellos ofrecen el rendimiento esperado, cambiando por completo el prototipo anterior y logrando elevarse frente a la competencia. Tienen tambi\u00e9n muchas ventajas a nivel de autonom\u00eda, gesti\u00f3n de la temperatura. Pero, \u00bfpor qu\u00e9 un problema?<\/p>\n\n\n\n<p>Los Mac con estos chips cuentan tambi\u00e9n con <strong>algunas limitaciones<\/strong> con respecto a sus antecesores con procesadores de Intel. Quiz\u00e1s est\u00e1 nota no te gener\u00e9 gran inter\u00e9s, pero, antes de adquirir alguno debes saber que la\u00a0memoria RAM, no se puede cambiar en estos equipos.<\/p>\n\n\n\n<blockquote class=\"wp-block-quote is-layout-flow wp-block-quote-is-layout-flow\"><p>El problema es que la memoria RAM se encuentra integrada en el chip. <\/p><\/blockquote>\n\n\n\n<p>Es decir, que en la placa no hay un chip M1 y aparte est\u00e1n los m\u00f3dulos de memoria RAM, sino que hay un \u00fanico chip que aglutina todo. Por lo tanto actualmente los M1 admiten 8 y 16 GB, mientras que con el M1 Max alcanzan los 64 GB.<\/p>\n\n\n\n<p>\u00bfQu\u00e9 les puedo decir? Aseg\u00farate de escoger un modelo que llene expectativas.  <\/p>","protected":false},"excerpt":{"rendered":"<p>Los nuevos equipos de Apple para Mac: M1, M1 Pro y M1 Max. Todos y cada uno de ellos ofrecen el rendimiento esperado, cambiando por completo el prototipo anterior y logrando elevarse frente a la competencia. Tienen tambi\u00e9n muchas ventajas a nivel de autonom\u00eda, gesti\u00f3n de la temperatura. Pero, \u00bfpor qu\u00e9 un problema? Los Mac &hellip;<\/p>","protected":false},"author":2,"featured_media":16526,"comment_status":"closed","ping_status":"closed","sticky":false,"template":"","format":"standard","meta":{"jetpack_post_was_ever_published":false,"_jetpack_newsletter_access":"","_jetpack_dont_email_post_to_subs":false,"_jetpack_newsletter_tier_id":0,"_jetpack_memberships_contains_paywalled_content":false,"_jetpack_memberships_contains_paid_content":false,"footnotes":"","jetpack_publicize_message":"","jetpack_publicize_feature_enabled":true,"jetpack_social_post_already_shared":true,"jetpack_social_options":{"image_generator_settings":{"template":"highway","default_image_id":0,"font":"","enabled":false},"version":2}},"categories":[5],"tags":[1069],"class_list":["post-16525","post","type-post","status-publish","format-standard","has-post-thumbnail","hentry","category-apple","tag-notas"],"jetpack_publicize_connections":[],"jetpack_featured_media_url":"https:\/\/www.macquero.com\/wp-content\/uploads\/2021\/12\/ac.jpg","jetpack_sharing_enabled":true,"_links":{"self":[{"href":"https:\/\/www.macquero.com\/en\/wp-json\/wp\/v2\/posts\/16525","targetHints":{"allow":["GET"]}}],"collection":[{"href":"https:\/\/www.macquero.com\/en\/wp-json\/wp\/v2\/posts"}],"about":[{"href":"https:\/\/www.macquero.com\/en\/wp-json\/wp\/v2\/types\/post"}],"author":[{"embeddable":true,"href":"https:\/\/www.macquero.com\/en\/wp-json\/wp\/v2\/users\/2"}],"replies":[{"embeddable":true,"href":"https:\/\/www.macquero.com\/en\/wp-json\/wp\/v2\/comments?post=16525"}],"version-history":[{"count":1,"href":"https:\/\/www.macquero.com\/en\/wp-json\/wp\/v2\/posts\/16525\/revisions"}],"predecessor-version":[{"id":16527,"href":"https:\/\/www.macquero.com\/en\/wp-json\/wp\/v2\/posts\/16525\/revisions\/16527"}],"wp:featuredmedia":[{"embeddable":true,"href":"https:\/\/www.macquero.com\/en\/wp-json\/wp\/v2\/media\/16526"}],"wp:attachment":[{"href":"https:\/\/www.macquero.com\/en\/wp-json\/wp\/v2\/media?parent=16525"}],"wp:term":[{"taxonomy":"category","embeddable":true,"href":"https:\/\/www.macquero.com\/en\/wp-json\/wp\/v2\/categories?post=16525"},{"taxonomy":"post_tag","embeddable":true,"href":"https:\/\/www.macquero.com\/en\/wp-json\/wp\/v2\/tags?post=16525"}],"curies":[{"name":"wp","href":"https:\/\/api.w.org\/{rel}","templated":true}]}}