{"id":16519,"date":"2021-12-30T00:44:00","date_gmt":"2021-12-30T06:44:00","guid":{"rendered":"https:\/\/www.macquero.com\/?p=16519"},"modified":"2021-12-29T21:58:42","modified_gmt":"2021-12-30T03:58:42","slug":"krampus-el-terror-de-la-navidad","status":"publish","type":"post","link":"https:\/\/www.macquero.com\/en\/2021\/12\/krampus-el-terror-de-la-navidad\/","title":{"rendered":"Krampus: El Terror de la Navidad."},"content":{"rendered":"<p>Puntuaci\u00f3n: &#x2b50;&#x2b50;&#x2b50;&#x2b50;<meta charset=\"utf-8\">&#x2b50;<\/p>\n\n\n\n<p>Buscando opciones de &#8220;navidad&#8221; me encontr\u00e9 con est\u00e1 singular pel\u00edcula.<\/p>\n\n\n\n<h2 class=\"wp-block-heading\">Sipnosis<\/h2>\n\n\n\n<p>Las Navidades representan el momento m\u00e1s m\u00e1gico del a\u00f1o, pero el folklore europeo alerta de Krampus, una bestia con cuernos que castiga a los ni\u00f1os malos durante las fiestas. El joven Max (<a href=\"https:\/\/www.instagram.com\/emjayanthony\" data-type=\"URL\" data-id=\"https:\/\/www.instagram.com\/emjayanthony\" target=\"_blank\" rel=\"noreferrer noopener\">Emjay Anthony<\/a>) ve c\u00f3mo su familia se resquebraja y pierde la fe en los valores de la Navidad.<\/p>\n\n\n\n<p>De entrada tengo que decir: es diferente, pero divierte un mont\u00f3n. Curiosamente se encuentra encasillada en el g\u00e9nero de terror, pero responde como un producto de fantas\u00eda. <\/p>\n\n\n\n<p>El final, me caus\u00f3 mucha gracia y tambi\u00e9n invita a la reflexi\u00f3n. No cuenta con incre\u00edbles efectos visuales, sin embargo la banda sonora puede llegar a erizarte la piel. Si quieres ver algo &#8220;diferente&#8221; en est\u00e1 Navidad, y sufrir alguno que otro sustito, debes darle una oportunidad. Eso s\u00ed, disfr\u00fatala de noche.<\/p>\n\n\n\n<p>Me encantaron las galletitas de jengibre. &#x1f385;<\/p>","protected":false},"excerpt":{"rendered":"<p>Puntuaci\u00f3n: &#x2b50;&#x2b50;&#x2b50;&#x2b50;&#x2b50; Buscando opciones de &#8220;navidad&#8221; me encontr\u00e9 con est\u00e1 singular pel\u00edcula. Sipnosis Las Navidades representan el momento m\u00e1s m\u00e1gico del a\u00f1o, pero el folklore europeo alerta de Krampus, una bestia con cuernos que castiga a los ni\u00f1os malos durante las fiestas. El joven Max (Emjay Anthony) ve c\u00f3mo su familia se resquebraja y pierde &hellip;<\/p>","protected":false},"author":2,"featured_media":16521,"comment_status":"closed","ping_status":"closed","sticky":false,"template":"","format":"standard","meta":{"jetpack_post_was_ever_published":false,"_jetpack_newsletter_access":"","_jetpack_dont_email_post_to_subs":false,"_jetpack_newsletter_tier_id":0,"_jetpack_memberships_contains_paywalled_content":false,"_jetpack_memberships_contains_paid_content":false,"footnotes":"","jetpack_publicize_message":"","jetpack_publicize_feature_enabled":true,"jetpack_social_post_already_shared":true,"jetpack_social_options":{"image_generator_settings":{"template":"highway","default_image_id":0,"font":"","enabled":false},"version":2}},"categories":[800,766],"tags":[1025],"class_list":["post-16519","post","type-post","status-publish","format-standard","has-post-thumbnail","hentry","category-christmas","category-cine-netflix","tag-fantasia"],"jetpack_publicize_connections":[],"jetpack_featured_media_url":"https:\/\/www.macquero.com\/wp-content\/uploads\/2021\/12\/da-2.jpg","jetpack_sharing_enabled":true,"_links":{"self":[{"href":"https:\/\/www.macquero.com\/en\/wp-json\/wp\/v2\/posts\/16519","targetHints":{"allow":["GET"]}}],"collection":[{"href":"https:\/\/www.macquero.com\/en\/wp-json\/wp\/v2\/posts"}],"about":[{"href":"https:\/\/www.macquero.com\/en\/wp-json\/wp\/v2\/types\/post"}],"author":[{"embeddable":true,"href":"https:\/\/www.macquero.com\/en\/wp-json\/wp\/v2\/users\/2"}],"replies":[{"embeddable":true,"href":"https:\/\/www.macquero.com\/en\/wp-json\/wp\/v2\/comments?post=16519"}],"version-history":[{"count":3,"href":"https:\/\/www.macquero.com\/en\/wp-json\/wp\/v2\/posts\/16519\/revisions"}],"predecessor-version":[{"id":16524,"href":"https:\/\/www.macquero.com\/en\/wp-json\/wp\/v2\/posts\/16519\/revisions\/16524"}],"wp:featuredmedia":[{"embeddable":true,"href":"https:\/\/www.macquero.com\/en\/wp-json\/wp\/v2\/media\/16521"}],"wp:attachment":[{"href":"https:\/\/www.macquero.com\/en\/wp-json\/wp\/v2\/media?parent=16519"}],"wp:term":[{"taxonomy":"category","embeddable":true,"href":"https:\/\/www.macquero.com\/en\/wp-json\/wp\/v2\/categories?post=16519"},{"taxonomy":"post_tag","embeddable":true,"href":"https:\/\/www.macquero.com\/en\/wp-json\/wp\/v2\/tags?post=16519"}],"curies":[{"name":"wp","href":"https:\/\/api.w.org\/{rel}","templated":true}]}}