{"id":16500,"date":"2021-12-26T03:13:22","date_gmt":"2021-12-26T09:13:22","guid":{"rendered":"https:\/\/www.macquero.com\/?p=16500"},"modified":"2021-12-26T03:13:25","modified_gmt":"2021-12-26T09:13:25","slug":"no-miren-arriba-dont-look-up","status":"publish","type":"post","link":"https:\/\/www.macquero.com\/en\/2021\/12\/no-miren-arriba-dont-look-up\/","title":{"rendered":"No miren arriba. &#8211; Dont Look Up."},"content":{"rendered":"<p>Puntuaci\u00f3n: &#x2b50;&#x2b50;&#x2b50;&#x2b50;&#x2b50;<\/p>\n\n\n\n<p>Nuestra siguiente recomendaci\u00f3n es la nueva s\u00e1tira de Adam McKay estelarizada por un apabullante grupo de actores.<\/p>\n\n\n\n<p>La historia se ci\u00f1e de manera principal en dos astr\u00f3nomos de Michigan que,\u00a0pese a no poder competir con el poder y la influencia de terceros con miras m\u00e1s influyentes, son due\u00f1os de la verdad. Una verdad irrefutable, compleja y peligrosa, con un desenlace que todos sabemos que puede concretarse en cualquier momento. <\/p>\n\n\n\n<p>Su narrativa acu\u00f1a un desinter\u00e9s colectivo, la cu\u00e1l busca denunciar la cruenta guerra de intereses que, en \u00faltima instancia, podr\u00eda acabar con la humanidad. <\/p>\n\n\n\n<h2 class=\"wp-block-heading\">Para reflexionar<\/h2>\n\n\n\n<p>Pero m\u00e1s all\u00e1 de todas nuestras percepciones y\u00a0de forma consciente, la pel\u00edcula llega en tiempos de movimientos anti vacunas, de resistencia a los hechos, de negaci\u00f3n de lo que la ciencia advierte que puede ser un catastr\u00f3fico final para el planeta.<\/p>\n\n\n\n<p>El final, personalmente me puso la piel de gallina. <\/p>","protected":false},"excerpt":{"rendered":"<p>Puntuaci\u00f3n: &#x2b50;&#x2b50;&#x2b50;&#x2b50;&#x2b50; Nuestra siguiente recomendaci\u00f3n es la nueva s\u00e1tira de Adam McKay estelarizada por un apabullante grupo de actores. La historia se ci\u00f1e de manera principal en dos astr\u00f3nomos de Michigan que,\u00a0pese a no poder competir con el poder y la influencia de terceros con miras m\u00e1s influyentes, son due\u00f1os de la verdad. Una verdad &hellip;<\/p>","protected":false},"author":2,"featured_media":16504,"comment_status":"closed","ping_status":"closed","sticky":false,"template":"","format":"standard","meta":{"jetpack_post_was_ever_published":false,"_jetpack_newsletter_access":"","_jetpack_dont_email_post_to_subs":false,"_jetpack_newsletter_tier_id":0,"_jetpack_memberships_contains_paywalled_content":false,"_jetpack_memberships_contains_paid_content":false,"footnotes":"","jetpack_publicize_message":"","jetpack_publicize_feature_enabled":true,"jetpack_social_post_already_shared":true,"jetpack_social_options":{"image_generator_settings":{"template":"highway","default_image_id":0,"font":"","enabled":false},"version":2}},"categories":[733,766],"tags":[303,797],"class_list":["post-16500","post","type-post","status-publish","format-standard","has-post-thumbnail","hentry","category-originales-de-netflix","category-cine-netflix","tag-drama","tag-inusual"],"jetpack_publicize_connections":[],"jetpack_featured_media_url":"https:\/\/www.macquero.com\/wp-content\/uploads\/2021\/12\/ar.jpg","jetpack_sharing_enabled":true,"_links":{"self":[{"href":"https:\/\/www.macquero.com\/en\/wp-json\/wp\/v2\/posts\/16500","targetHints":{"allow":["GET"]}}],"collection":[{"href":"https:\/\/www.macquero.com\/en\/wp-json\/wp\/v2\/posts"}],"about":[{"href":"https:\/\/www.macquero.com\/en\/wp-json\/wp\/v2\/types\/post"}],"author":[{"embeddable":true,"href":"https:\/\/www.macquero.com\/en\/wp-json\/wp\/v2\/users\/2"}],"replies":[{"embeddable":true,"href":"https:\/\/www.macquero.com\/en\/wp-json\/wp\/v2\/comments?post=16500"}],"version-history":[{"count":4,"href":"https:\/\/www.macquero.com\/en\/wp-json\/wp\/v2\/posts\/16500\/revisions"}],"predecessor-version":[{"id":16505,"href":"https:\/\/www.macquero.com\/en\/wp-json\/wp\/v2\/posts\/16500\/revisions\/16505"}],"wp:featuredmedia":[{"embeddable":true,"href":"https:\/\/www.macquero.com\/en\/wp-json\/wp\/v2\/media\/16504"}],"wp:attachment":[{"href":"https:\/\/www.macquero.com\/en\/wp-json\/wp\/v2\/media?parent=16500"}],"wp:term":[{"taxonomy":"category","embeddable":true,"href":"https:\/\/www.macquero.com\/en\/wp-json\/wp\/v2\/categories?post=16500"},{"taxonomy":"post_tag","embeddable":true,"href":"https:\/\/www.macquero.com\/en\/wp-json\/wp\/v2\/tags?post=16500"}],"curies":[{"name":"wp","href":"https:\/\/api.w.org\/{rel}","templated":true}]}}