{"id":16461,"date":"2021-12-22T03:35:31","date_gmt":"2021-12-22T09:35:31","guid":{"rendered":"https:\/\/www.macquero.com\/?p=16461"},"modified":"2021-12-22T03:35:34","modified_gmt":"2021-12-22T09:35:34","slug":"emily-en-paris-temporada-2-emily-in-paris","status":"publish","type":"post","link":"https:\/\/www.macquero.com\/en\/2021\/12\/emily-en-paris-temporada-2-emily-in-paris\/","title":{"rendered":"Emily en Par\u00eds. Temporada 2. \u2013 Emily in Paris."},"content":{"rendered":"<p>La segunda temporada de Emily en Par\u00eds ya es tendencia desde el d\u00eda de hoy.<\/p>\n\n\n\n<h3 class=\"wp-block-heading\">\u00bfQu\u00e9 esperar de ella?<\/h3>\n\n\n\n<p>Pues diversi\u00f3n sin complicaciones, nuevos looks y nuevos rostros en los nuevos episodios.<\/p>\n\n\n\n<blockquote class=\"wp-block-quote is-layout-flow wp-block-quote-is-layout-flow\"><p>En est\u00e1 nueva entrega notar\u00e1s algunos cambios a ra\u00edz de la cr\u00edtica del sector local. <\/p><\/blockquote>\n\n\n\n<p>Recordemos que en la primera temporada: Emily sol\u00eda &#8220;criticar&#8221; la cultura francesa, (algo qu\u00e9 no agrad\u00f3 mucho) y fue en su momento una nota editorial muy criticada que hasta se hizo viral. <\/p>\n\n\n\n<p>Otro de los nuevos giros, es que ahora no es una genio del marketing; la ver\u00e1s fracasar en reiteradas ocasiones en su trabajo, lo que seg\u00fan la cr\u00edtica le otorga un aire de credibilidad. <\/p>\n\n\n\n<p>No s\u00e9, si esos cambios den un viraje favorable en est\u00e1 entrega, porque francamente <a rel=\"noreferrer noopener\" href=\"https:\/\/www.macquero.com\/en\/2020\/10\/estreno-emily-en-paris-emily-in-paris\/\" data-type=\"URL\" data-id=\"https:\/\/www.macquero.com\/2020\/10\/estreno-emily-en-paris-emily-in-paris\/\" target=\"_blank\">la primera temporada<\/a> a m\u00ed me gust\u00f3.<\/p>","protected":false},"excerpt":{"rendered":"<p>La segunda temporada de Emily en Par\u00eds ya es tendencia desde el d\u00eda de hoy. \u00bfQu\u00e9 esperar de ella? Pues diversi\u00f3n sin complicaciones, nuevos looks y nuevos rostros en los nuevos episodios. En est\u00e1 nueva entrega notar\u00e1s algunos cambios a ra\u00edz de la cr\u00edtica del sector local. Recordemos que en la primera temporada: Emily sol\u00eda &hellip;<\/p>","protected":false},"author":2,"featured_media":16462,"comment_status":"closed","ping_status":"closed","sticky":false,"template":"","format":"standard","meta":{"jetpack_post_was_ever_published":false,"_jetpack_newsletter_access":"","_jetpack_dont_email_post_to_subs":false,"_jetpack_newsletter_tier_id":0,"_jetpack_memberships_contains_paywalled_content":false,"_jetpack_memberships_contains_paid_content":false,"footnotes":"","jetpack_publicize_message":"","jetpack_publicize_feature_enabled":true,"jetpack_social_post_already_shared":true,"jetpack_social_options":{"image_generator_settings":{"template":"highway","default_image_id":0,"font":"","enabled":false},"version":2}},"categories":[1007,733,732],"tags":[683,303,378],"class_list":["post-16461","post","type-post","status-publish","format-standard","has-post-thumbnail","hentry","category-avances","category-originales-de-netflix","category-series","tag-comedia","tag-drama","tag-romance"],"jetpack_publicize_connections":[],"jetpack_featured_media_url":"https:\/\/www.macquero.com\/wp-content\/uploads\/2021\/12\/pa.jpg","jetpack_sharing_enabled":true,"_links":{"self":[{"href":"https:\/\/www.macquero.com\/en\/wp-json\/wp\/v2\/posts\/16461","targetHints":{"allow":["GET"]}}],"collection":[{"href":"https:\/\/www.macquero.com\/en\/wp-json\/wp\/v2\/posts"}],"about":[{"href":"https:\/\/www.macquero.com\/en\/wp-json\/wp\/v2\/types\/post"}],"author":[{"embeddable":true,"href":"https:\/\/www.macquero.com\/en\/wp-json\/wp\/v2\/users\/2"}],"replies":[{"embeddable":true,"href":"https:\/\/www.macquero.com\/en\/wp-json\/wp\/v2\/comments?post=16461"}],"version-history":[{"count":1,"href":"https:\/\/www.macquero.com\/en\/wp-json\/wp\/v2\/posts\/16461\/revisions"}],"predecessor-version":[{"id":16463,"href":"https:\/\/www.macquero.com\/en\/wp-json\/wp\/v2\/posts\/16461\/revisions\/16463"}],"wp:featuredmedia":[{"embeddable":true,"href":"https:\/\/www.macquero.com\/en\/wp-json\/wp\/v2\/media\/16462"}],"wp:attachment":[{"href":"https:\/\/www.macquero.com\/en\/wp-json\/wp\/v2\/media?parent=16461"}],"wp:term":[{"taxonomy":"category","embeddable":true,"href":"https:\/\/www.macquero.com\/en\/wp-json\/wp\/v2\/categories?post=16461"},{"taxonomy":"post_tag","embeddable":true,"href":"https:\/\/www.macquero.com\/en\/wp-json\/wp\/v2\/tags?post=16461"}],"curies":[{"name":"wp","href":"https:\/\/api.w.org\/{rel}","templated":true}]}}