{"id":16432,"date":"2021-12-16T07:00:00","date_gmt":"2021-12-16T13:00:00","guid":{"rendered":"https:\/\/www.macquero.com\/?p=16432"},"modified":"2021-12-16T08:15:32","modified_gmt":"2021-12-16T14:15:32","slug":"la-bella-y-las-bestias","status":"publish","type":"post","link":"https:\/\/www.macquero.com\/en\/2021\/12\/la-bella-y-las-bestias\/","title":{"rendered":"La bella y las bestias."},"content":{"rendered":"<p>Puntuaci\u00f3n: &#x2b50;&#x2b50;&#x2b50;<\/p>\n\n\n\n<p>Cu\u00e1ndo sali\u00f3 c\u00f3mo estreno est\u00e1 novela en la plataforma la dej\u00e9 pasar sin restarle ninguna importancia. Sin embargo siempre es &#8220;importante&#8221; recordar que no se debe juzgar un libro por su portada. Tambi\u00e9n es verdad qu\u00e9 est\u00e1 recomendaci\u00f3n siempre la doy para &#8220;series y pel\u00edculas&#8221;, y nunca para este formato. Es la primera vez.<\/p>\n\n\n\n<p>Con sello de producci\u00f3n mexicana. La encontr\u00e9 un poco m\u00e1s interesante que otras novelas de otros pa\u00edses. <\/p>\n\n\n\n<p>Su problema es el gui\u00f3n. Persigue el mismo m\u00f3vil de otras historias. Lo cu\u00e1l si vienes por ejemplo: de ver <a rel=\"noreferrer noopener\" href=\"https:\/\/www.macquero.com\/en\/2021\/12\/la-reina-del-flow-temporada-2\/\" data-type=\"URL\" data-id=\"https:\/\/www.macquero.com\/2021\/12\/la-reina-del-flow-temporada-2\/\" target=\"_blank\">La Reina del Flow<\/a> notar\u00e1s esa l\u00ednea narrativa que supone similitud. <\/p>\n\n\n\n<p>No obstante, a favor tiene una estructura de di\u00e1logos que mejora a medida que avanza la trama. (Recordemos que este es un formato distinto), la narrativa depende del esquema de (desarrollo y desenlace), buscando un solo prop\u00f3sito: mantenerte pegado al sof\u00e1 de la sala como si fueras parte de la decoraci\u00f3n. \u00a1Es adictiva! No lo niego.<\/p>\n\n\n\n<p>Esperamos qu\u00e9 no la echen a perder. <strong>Est\u00e1, verdaderamente buena.<\/strong> Lo malo es que tambi\u00e9n es muy larga, cuenta con 82 episodios. Y, no estoy seguro de querer verla hasta el final. Adem\u00e1s est\u00e1s historias siempre cierran de manera est\u00fapida. \u00a1Siempre pasa!  <\/p>\n\n\n\n<p>Ojal\u00e1 que no. <\/p>\n\n\n\n<p>\u00bfY, t\u00fa ya la viste? \u00bfQu\u00e9 te pareci\u00f3?<\/p>\n\n\n\n<p>M\u00e1s all\u00e1 de la primera pauta, mi raz\u00f3n para ver una novela es por sus mujeres. <\/p>\n\n\n\n<p>Y, a m\u00ed me gusta un mont\u00f3n la protagonista. (<a rel=\"noreferrer noopener\" href=\"https:\/\/www.instagram.com\/esmepimentel\/\" data-type=\"URL\" data-id=\"https:\/\/www.instagram.com\/esmepimentel\/\" target=\"_blank\">Esmeralda Pimentel<\/a>).<\/p>","protected":false},"excerpt":{"rendered":"<p>Puntuaci\u00f3n: &#x2b50;&#x2b50;&#x2b50; Cu\u00e1ndo sali\u00f3 c\u00f3mo estreno est\u00e1 novela en la plataforma la dej\u00e9 pasar sin restarle ninguna importancia. Sin embargo siempre es &#8220;importante&#8221; recordar que no se debe juzgar un libro por su portada. Tambi\u00e9n es verdad qu\u00e9 est\u00e1 recomendaci\u00f3n siempre la doy para &#8220;series y pel\u00edculas&#8221;, y nunca para este formato. Es la primera &hellip;<\/p>","protected":false},"author":2,"featured_media":16434,"comment_status":"open","ping_status":"closed","sticky":false,"template":"","format":"standard","meta":{"jetpack_post_was_ever_published":false,"_jetpack_newsletter_access":"","_jetpack_dont_email_post_to_subs":false,"_jetpack_newsletter_tier_id":0,"_jetpack_memberships_contains_paywalled_content":false,"_jetpack_memberships_contains_paid_content":false,"footnotes":"","jetpack_publicize_message":"","jetpack_publicize_feature_enabled":true,"jetpack_social_post_already_shared":true,"jetpack_social_options":{"image_generator_settings":{"template":"highway","default_image_id":0,"font":"","enabled":false},"version":2}},"categories":[1007,974],"tags":[303],"class_list":["post-16432","post","type-post","status-publish","format-standard","has-post-thumbnail","hentry","category-avances","category-telenovela","tag-drama"],"jetpack_publicize_connections":[],"jetpack_featured_media_url":"https:\/\/www.macquero.com\/wp-content\/uploads\/2021\/12\/ll.jpg","jetpack_sharing_enabled":true,"_links":{"self":[{"href":"https:\/\/www.macquero.com\/en\/wp-json\/wp\/v2\/posts\/16432","targetHints":{"allow":["GET"]}}],"collection":[{"href":"https:\/\/www.macquero.com\/en\/wp-json\/wp\/v2\/posts"}],"about":[{"href":"https:\/\/www.macquero.com\/en\/wp-json\/wp\/v2\/types\/post"}],"author":[{"embeddable":true,"href":"https:\/\/www.macquero.com\/en\/wp-json\/wp\/v2\/users\/2"}],"replies":[{"embeddable":true,"href":"https:\/\/www.macquero.com\/en\/wp-json\/wp\/v2\/comments?post=16432"}],"version-history":[{"count":4,"href":"https:\/\/www.macquero.com\/en\/wp-json\/wp\/v2\/posts\/16432\/revisions"}],"predecessor-version":[{"id":16438,"href":"https:\/\/www.macquero.com\/en\/wp-json\/wp\/v2\/posts\/16432\/revisions\/16438"}],"wp:featuredmedia":[{"embeddable":true,"href":"https:\/\/www.macquero.com\/en\/wp-json\/wp\/v2\/media\/16434"}],"wp:attachment":[{"href":"https:\/\/www.macquero.com\/en\/wp-json\/wp\/v2\/media?parent=16432"}],"wp:term":[{"taxonomy":"category","embeddable":true,"href":"https:\/\/www.macquero.com\/en\/wp-json\/wp\/v2\/categories?post=16432"},{"taxonomy":"post_tag","embeddable":true,"href":"https:\/\/www.macquero.com\/en\/wp-json\/wp\/v2\/tags?post=16432"}],"curies":[{"name":"wp","href":"https:\/\/api.w.org\/{rel}","templated":true}]}}