{"id":16418,"date":"2021-12-15T16:45:33","date_gmt":"2021-12-15T22:45:33","guid":{"rendered":"https:\/\/www.macquero.com\/?p=16418"},"modified":"2021-12-15T16:46:03","modified_gmt":"2021-12-15T22:46:03","slug":"apple-finalmente-lanza-macos-monterey-12-1-una-actualizacion-que-promete-resultados","status":"publish","type":"post","link":"https:\/\/www.macquero.com\/en\/2021\/12\/apple-finalmente-lanza-macos-monterey-12-1-una-actualizacion-que-promete-resultados\/","title":{"rendered":"Apple finalmente lanza macOS Monterey 12.1, una actualizaci\u00f3n que promete resultados."},"content":{"rendered":"<p>Seg\u00fan nuestra fuente, adem\u00e1s de est\u00e1 actualizaci\u00f3n tambi\u00e9n reciben actualizaci\u00f3n el d\u00eda de hoy: el resto de sus sistemas operativos c\u00f3mo el watchOS 7.2 y iOS 15.2. <\/p>\n\n\n\n<p>Una actualizaci\u00f3n muy esperada que llega <strong>con soluciones<\/strong> y novedades.<\/p>\n\n\n\n<h3 class=\"wp-block-heading\">SharePlay<\/h3>\n\n\n\n<ul class=\"wp-block-list\"><li>SharePlay es una nueva manera de compartir experiencias sincronizadas en FaceTime con contenido de la app Apple\u00a0TV, Apple\u00a0Music y otras apps compatibles.<\/li><li>Los controles compartidos permiten reproducir el contenido, ponerlo en pausa, retroceder o avanzar r\u00e1pidamente.<\/li><li>El volumen inteligente baja autom\u00e1ticamente el audio de la pel\u00edcula, el programa de televisi\u00f3n o la canci\u00f3n en reproducci\u00f3n cuando hablan cualquiera de los participantes.<\/li><li>La funci\u00f3n de compartir pantalla permite a todas las personas de una llamada de FaceTime ver fotos, navegar por internet o ayudarse con lo que necesiten.<\/li><\/ul>\n\n\n\n<h3 class=\"wp-block-heading\">Plan Apple&nbsp;Music&nbsp;Voice<\/h3>\n\n\n\n<ul class=\"wp-block-list\"><li>El plan Apple&nbsp;Music&nbsp;Voice es un nuevo nivel de suscripci\u00f3n que te permite acceder a todas las canciones, playlists y emisoras de Apple&nbsp;Music usando Siri.<\/li><li>La secci\u00f3n \u201cSimplemente p\u00eddele a Siri\u201d te sugiere canciones en funci\u00f3n de tu historial de reproducci\u00f3n, y de lo que has indicado que te gusta o lo que no.<\/li><li>La funci\u00f3n de volver a reproducir te permite acceder a la m\u00fasica que has escuchado recientemente.<\/li><\/ul>\n\n\n\n<h3 class=\"wp-block-heading\">Fotos<\/h3>\n\n\n\n<ul class=\"wp-block-list\"><li>Los recuerdos han cambiado de aspecto y ahora ofrece una interfaz interactiva, nuevas animaciones y estilos de transici\u00f3n, con una variedad de opciones.<\/li><li>Los nuevos tipos de recuerdos incluyen festividades internacionales, recuerdos centrados en ni\u00f1os, tendencias en el tiempo y recuerdos con mascotas (mejorada).<\/li><\/ul>\n\n\n\n<h3 class=\"wp-block-heading\">ID de Apple<\/h3>\n\n\n\n<ul class=\"wp-block-list\"><li>La funci\u00f3n de (legado digital) te permite designar a ciertos contactos como representantes digitales que tendr\u00e1n derecho a acceder a tu cuenta de iCloud y a tus datos personales tras tu fallecimiento. \u00a1Horrible! pero es lo \u00fanico qu\u00e9 tenemos seguro en la vida.<\/li><\/ul>\n\n\n\n<h3 class=\"wp-block-heading\">App TV<\/h3>\n\n\n\n<ul class=\"wp-block-list\"><li>La pesta\u00f1a de la tienda te permite navegar, comprar y alquilar pel\u00edculas desde un mismo sitio.<\/li><\/ul>\n\n\n\n<p>Con las novedades, est\u00e1 actualizaci\u00f3n trae consigo algunas mejoras resolutivas que no vi relacionadas con los diversos errores que han reportado varios usuarios. <\/p>\n\n\n\n<p>Esperemos qu\u00e9 est\u00e1 vez, no tengas ning\u00fan inconveniente. De cualquier manera yo esperar\u00eda que una fuente importante relacionada con la marca, brinde adelantos de la experiencia.<\/p>","protected":false},"excerpt":{"rendered":"<p>Seg\u00fan nuestra fuente, adem\u00e1s de est\u00e1 actualizaci\u00f3n tambi\u00e9n reciben actualizaci\u00f3n el d\u00eda de hoy: el resto de sus sistemas operativos c\u00f3mo el watchOS 7.2 y iOS 15.2. Una actualizaci\u00f3n muy esperada que llega con soluciones y novedades. SharePlay SharePlay es una nueva manera de compartir experiencias sincronizadas en FaceTime con contenido de la app Apple\u00a0TV, &hellip;<\/p>","protected":false},"author":2,"featured_media":16420,"comment_status":"closed","ping_status":"closed","sticky":false,"template":"","format":"standard","meta":{"jetpack_post_was_ever_published":false,"_jetpack_newsletter_access":"","_jetpack_dont_email_post_to_subs":false,"_jetpack_newsletter_tier_id":0,"_jetpack_memberships_contains_paywalled_content":false,"_jetpack_memberships_contains_paid_content":false,"footnotes":"","jetpack_publicize_message":"","jetpack_publicize_feature_enabled":true,"jetpack_social_post_already_shared":true,"jetpack_social_options":{"image_generator_settings":{"template":"highway","default_image_id":0,"font":"","enabled":false},"version":2}},"categories":[5],"tags":[1063,1064],"class_list":["post-16418","post","type-post","status-publish","format-standard","has-post-thumbnail","hentry","category-apple","tag-macos","tag-monterey"],"jetpack_publicize_connections":[],"jetpack_featured_media_url":"https:\/\/www.macquero.com\/wp-content\/uploads\/2021\/12\/te.jpg","jetpack_sharing_enabled":true,"_links":{"self":[{"href":"https:\/\/www.macquero.com\/en\/wp-json\/wp\/v2\/posts\/16418","targetHints":{"allow":["GET"]}}],"collection":[{"href":"https:\/\/www.macquero.com\/en\/wp-json\/wp\/v2\/posts"}],"about":[{"href":"https:\/\/www.macquero.com\/en\/wp-json\/wp\/v2\/types\/post"}],"author":[{"embeddable":true,"href":"https:\/\/www.macquero.com\/en\/wp-json\/wp\/v2\/users\/2"}],"replies":[{"embeddable":true,"href":"https:\/\/www.macquero.com\/en\/wp-json\/wp\/v2\/comments?post=16418"}],"version-history":[{"count":1,"href":"https:\/\/www.macquero.com\/en\/wp-json\/wp\/v2\/posts\/16418\/revisions"}],"predecessor-version":[{"id":16419,"href":"https:\/\/www.macquero.com\/en\/wp-json\/wp\/v2\/posts\/16418\/revisions\/16419"}],"wp:featuredmedia":[{"embeddable":true,"href":"https:\/\/www.macquero.com\/en\/wp-json\/wp\/v2\/media\/16420"}],"wp:attachment":[{"href":"https:\/\/www.macquero.com\/en\/wp-json\/wp\/v2\/media?parent=16418"}],"wp:term":[{"taxonomy":"category","embeddable":true,"href":"https:\/\/www.macquero.com\/en\/wp-json\/wp\/v2\/categories?post=16418"},{"taxonomy":"post_tag","embeddable":true,"href":"https:\/\/www.macquero.com\/en\/wp-json\/wp\/v2\/tags?post=16418"}],"curies":[{"name":"wp","href":"https:\/\/api.w.org\/{rel}","templated":true}]}}