{"id":16138,"date":"2021-12-02T03:39:54","date_gmt":"2021-12-02T09:39:54","guid":{"rendered":"https:\/\/www.macquero.com\/?p=16138"},"modified":"2021-12-02T03:50:04","modified_gmt":"2021-12-02T09:50:04","slug":"perdidos-en-el-espacio-temporada-3-lost-in-space","status":"publish","type":"post","link":"https:\/\/www.macquero.com\/en\/2021\/12\/perdidos-en-el-espacio-temporada-3-lost-in-space\/","title":{"rendered":"Perdidos en el espacio. Temporada 3. &#8211; Lost In Space."},"content":{"rendered":"<p>Puntuaci\u00f3n: &#x2b50;&#x2b50;<\/p>\n\n\n\n<p>La tercera temporada de \u201cPerdidos en el espacio\u201d (\u201cLost In Space\u201d en su idioma original), serie inspirada en la cl\u00e1sica producci\u00f3n de ficci\u00f3n de Irwin Allen de los a\u00f1os 60, se estren\u00f3 en&nbsp;Netflix&nbsp;reci\u00e9n el d\u00eda de ayer, pero los fan\u00e1ticos de la ficci\u00f3n creada y escrita por Matt Sazama y Burk Sharpless ya preguntan por una cuarta entrega.<\/p>\n\n\n\n<p>La respuesta a la realizaci\u00f3n de una cuarta entrega: no hay una pauta de renovaci\u00f3n. <\/p>\n\n\n\n<p>Cuando&nbsp;Netflix renov\u00f3 \u201cPerdidos en el espacio\u201d para una tercera entrega en marzo de 2020 tambi\u00e9n anunci\u00f3 que ser\u00eda la \u00faltima del programa. No obstante, es importante aclarar que la serie no fue cancelada y que la meta siempre estuvo concebida para tres temporadas. <\/p>\n\n\n\n<p>Cierra con una escena final que se <span style=\"color:#5bb538\" class=\"has-inline-color\">encasilla para esta temporada navide\u00f1a<\/span>. <\/p>\n\n\n\n<p>Est\u00e1 entrega fue dise\u00f1ada para un p\u00fablico adolescente. No estoy seguro, de que haya llenado todas mis expectativas, pero estuvo interesante. <\/p>","protected":false},"excerpt":{"rendered":"<p>Puntuaci\u00f3n: &#x2b50;&#x2b50; La tercera temporada de \u201cPerdidos en el espacio\u201d (\u201cLost In Space\u201d en su idioma original), serie inspirada en la cl\u00e1sica producci\u00f3n de ficci\u00f3n de Irwin Allen de los a\u00f1os 60, se estren\u00f3 en&nbsp;Netflix&nbsp;reci\u00e9n el d\u00eda de ayer, pero los fan\u00e1ticos de la ficci\u00f3n creada y escrita por Matt Sazama y Burk Sharpless ya &hellip;<\/p>","protected":false},"author":2,"featured_media":16139,"comment_status":"closed","ping_status":"closed","sticky":false,"template":"","format":"standard","meta":{"jetpack_post_was_ever_published":false,"_jetpack_newsletter_access":"","_jetpack_dont_email_post_to_subs":false,"_jetpack_newsletter_tier_id":0,"_jetpack_memberships_contains_paywalled_content":false,"_jetpack_memberships_contains_paid_content":false,"footnotes":"","jetpack_publicize_message":"","jetpack_publicize_feature_enabled":true,"jetpack_social_post_already_shared":true,"jetpack_social_options":{"image_generator_settings":{"template":"highway","default_image_id":0,"font":"","enabled":false},"version":2}},"categories":[800,1007,733],"tags":[856,779,453],"class_list":["post-16138","post","type-post","status-publish","format-standard","has-post-thumbnail","hentry","category-christmas","category-avances","category-originales-de-netflix","tag-ciencia-ficcion-y-fantasia","tag-emocionante","tag-para-toda-la-familia"],"jetpack_publicize_connections":[],"jetpack_featured_media_url":"https:\/\/www.macquero.com\/wp-content\/uploads\/2021\/12\/cs.jpg","jetpack_sharing_enabled":true,"_links":{"self":[{"href":"https:\/\/www.macquero.com\/en\/wp-json\/wp\/v2\/posts\/16138","targetHints":{"allow":["GET"]}}],"collection":[{"href":"https:\/\/www.macquero.com\/en\/wp-json\/wp\/v2\/posts"}],"about":[{"href":"https:\/\/www.macquero.com\/en\/wp-json\/wp\/v2\/types\/post"}],"author":[{"embeddable":true,"href":"https:\/\/www.macquero.com\/en\/wp-json\/wp\/v2\/users\/2"}],"replies":[{"embeddable":true,"href":"https:\/\/www.macquero.com\/en\/wp-json\/wp\/v2\/comments?post=16138"}],"version-history":[{"count":4,"href":"https:\/\/www.macquero.com\/en\/wp-json\/wp\/v2\/posts\/16138\/revisions"}],"predecessor-version":[{"id":16145,"href":"https:\/\/www.macquero.com\/en\/wp-json\/wp\/v2\/posts\/16138\/revisions\/16145"}],"wp:featuredmedia":[{"embeddable":true,"href":"https:\/\/www.macquero.com\/en\/wp-json\/wp\/v2\/media\/16139"}],"wp:attachment":[{"href":"https:\/\/www.macquero.com\/en\/wp-json\/wp\/v2\/media?parent=16138"}],"wp:term":[{"taxonomy":"category","embeddable":true,"href":"https:\/\/www.macquero.com\/en\/wp-json\/wp\/v2\/categories?post=16138"},{"taxonomy":"post_tag","embeddable":true,"href":"https:\/\/www.macquero.com\/en\/wp-json\/wp\/v2\/tags?post=16138"}],"curies":[{"name":"wp","href":"https:\/\/api.w.org\/{rel}","templated":true}]}}