{"id":16111,"date":"2021-12-01T00:46:00","date_gmt":"2021-12-01T06:46:00","guid":{"rendered":"https:\/\/www.macquero.com\/?p=16111"},"modified":"2021-12-01T01:40:30","modified_gmt":"2021-12-01T07:40:30","slug":"apple-podria-lanzar-su-esperada-mascara-o-lentes-de-realidad-aumentada-en-2022","status":"publish","type":"post","link":"https:\/\/www.macquero.com\/en\/2021\/12\/apple-podria-lanzar-su-esperada-mascara-o-lentes-de-realidad-aumentada-en-2022\/","title":{"rendered":"Apple podr\u00eda lanzar su esperada m\u00e1scara o lentes de realidad aumentada para el pr\u00f3ximo a\u00f1o."},"content":{"rendered":"<h3 class=\"wp-block-heading\">Bienvenido 1ero de diciembre. <\/h3>\n\n\n\n<p>C\u00f3mo un par\u00e9ntesis te quiero platicar antes de iniciar nuestra nota editorial sobre este tema; algunos puntos neur\u00e1lgicos que debes saber. <\/p>\n\n\n\n<p>Hicimos algunos ajustes en el blog. Con lo cu\u00e1l a partir de hoy: <\/p>\n\n\n\n<ul class=\"wp-block-list\"><li>S\u00f3lo podr\u00e1s visualizarlo en colores obscuros de forma inicial. Con la opci\u00f3n de verlo en modo claro, si te parece mejor desde la barra de men\u00fas. El nuevo comportamiento de colores permite recordar en tu navegador a trav\u00e9s de la cach\u00e9 la \u00faltima vista escogida. <\/li><li>Adicionalmente: Mejoramos las vistas en la secci\u00f3n para Netflix y de forma consecutiva comenzaremos a inyectar contenido nuevo para \uf8ffTV y Apple Music. <\/li><li>De forma local: ya me adentr\u00e9 a lo qu\u00e9 ver\u00e1s espero que pronto, en la secci\u00f3n de repositorio de Adobe. <\/li><\/ul>\n\n\n\n<h2 class=\"wp-block-heading\">M\u00e1scara de realidad aumentada de Apple. <\/h2>\n\n\n\n<p>Ahora s\u00ed, te comparto lo que me pareci\u00f3 importante y remarcable, de esta curiosa nota dejada en MacRumors.<\/p>\n\n\n\n<h3 class=\"wp-block-heading\">Lo qu\u00e9 se sabe hasta el momento: <\/h3>\n\n\n\n<p>Es que posiblemente este dispositivo&nbsp;trabaje de manera independiente sin tener la necesidad de estar conectados a un&nbsp;iPhone&nbsp;o un&nbsp;Mac&nbsp;mediante un cable. <\/p>\n\n\n\n<p>Tambi\u00e9n puede que&nbsp;incluya dos micropantallas 4K de&nbsp;Sony&nbsp;para visualizar el contenido. <\/p>\n\n\n\n<p>Por otra parte, tambi\u00e9n estar\u00edan\u00a0equipadas con un chip de potencia similar al procesador M1\u00a0que\u00a0utiliza la compa\u00f1\u00eda en los Mac de \u00faltima generaci\u00f3n, para que se pueda mezclar la imagen del campo visual con elementos digitales.<\/p>\n\n\n\n<h2 class=\"wp-block-heading\">Caracter\u00edsticas sorprendentes.<\/h2>\n\n\n\n<ul class=\"wp-block-list\"><li>Seg\u00fan la gente de <strong>MacRumors<\/strong>: La primera versi\u00f3n de estas m\u00e1scaras o lentes de realidad aumentada tendr\u00e1n un aspecto similar al de unas m\u00e1scaras de protecci\u00f3n de esqu\u00ed, teniendo en cuenta que&nbsp;<strong>contar\u00e1 con ocho c\u00e1maras externas para capturar todo lo que sucede en el campo de visi\u00f3n del usuario<\/strong>&nbsp;con el objetivo de retransmitirlo como se\u00f1al de v\u00eddeo a las pantallas que est\u00e1n dentro del&nbsp;dispositivo.<\/li><li>Lo aprovechable de este recurso es que estas c\u00e1maras ser\u00e1n capaces&nbsp;de<strong>&nbsp;capturar el movimiento de las manos del usuario para controlar los juegos y sabr\u00e1n hacia d\u00f3nde est\u00e1 mirando el usuario<\/strong>, de esta manera, se aprovecha la potencia de proceso para crear escenas de gran realismo.<\/li><\/ul>\n\n\n\n<h2 class=\"wp-block-heading\">Preparado para lanzar un producto distintivo y \u00fanico sobre la competencia.<\/h2>\n\n\n\n<p>Este dispositivo tambi\u00e9n podr\u00e1 usar aplicaciones de&nbsp;realidad virtual,&nbsp;pesar\u00e1 entre 200 &#8211; 300 gramos aproximadamente, y estar\u00e1 recubierto de tela, lo qu\u00e9 no sabemos, es cu\u00e1nto podr\u00edan costar. <\/p>\n\n\n\n<p>El objetivo es que sean capaces de competir con las m\u00e1scaras o lentes de <strong>Hololens<\/strong> de&nbsp;Microsoft&nbsp;o el <strong>Oculus Quest<\/strong> de Meta (Facebook).<\/p>\n\n\n\n<p>Fuente: <a href=\"https:\/\/www.macrumors.com\/\" data-type=\"URL\" data-id=\"https:\/\/www.macrumors.com\/\" target=\"_blank\" rel=\"noreferrer noopener\">MacRumors<\/a>.<\/p>","protected":false},"excerpt":{"rendered":"<p>Bienvenido 1ero de diciembre. C\u00f3mo un par\u00e9ntesis te quiero platicar antes de iniciar nuestra nota editorial sobre este tema; algunos puntos neur\u00e1lgicos que debes saber. Hicimos algunos ajustes en el blog. Con lo cu\u00e1l a partir de hoy: S\u00f3lo podr\u00e1s visualizarlo en colores obscuros de forma inicial. Con la opci\u00f3n de verlo en modo claro, &hellip;<\/p>","protected":false},"author":2,"featured_media":16114,"comment_status":"closed","ping_status":"closed","sticky":false,"template":"","format":"standard","meta":{"jetpack_post_was_ever_published":false,"_jetpack_newsletter_access":"","_jetpack_dont_email_post_to_subs":false,"_jetpack_newsletter_tier_id":0,"_jetpack_memberships_contains_paywalled_content":false,"_jetpack_memberships_contains_paid_content":false,"footnotes":"","jetpack_publicize_message":"","jetpack_publicize_feature_enabled":true,"jetpack_social_post_already_shared":true,"jetpack_social_options":{"image_generator_settings":{"template":"highway","default_image_id":0,"font":"","enabled":false},"version":2}},"categories":[1054],"tags":[1055],"class_list":["post-16111","post","type-post","status-publish","format-standard","has-post-thumbnail","hentry","category-rumores","tag-tecnologia"],"jetpack_publicize_connections":[],"jetpack_featured_media_url":"https:\/\/www.macquero.com\/wp-content\/uploads\/2021\/11\/ll.jpg","jetpack_sharing_enabled":true,"_links":{"self":[{"href":"https:\/\/www.macquero.com\/en\/wp-json\/wp\/v2\/posts\/16111","targetHints":{"allow":["GET"]}}],"collection":[{"href":"https:\/\/www.macquero.com\/en\/wp-json\/wp\/v2\/posts"}],"about":[{"href":"https:\/\/www.macquero.com\/en\/wp-json\/wp\/v2\/types\/post"}],"author":[{"embeddable":true,"href":"https:\/\/www.macquero.com\/en\/wp-json\/wp\/v2\/users\/2"}],"replies":[{"embeddable":true,"href":"https:\/\/www.macquero.com\/en\/wp-json\/wp\/v2\/comments?post=16111"}],"version-history":[{"count":18,"href":"https:\/\/www.macquero.com\/en\/wp-json\/wp\/v2\/posts\/16111\/revisions"}],"predecessor-version":[{"id":16137,"href":"https:\/\/www.macquero.com\/en\/wp-json\/wp\/v2\/posts\/16111\/revisions\/16137"}],"wp:featuredmedia":[{"embeddable":true,"href":"https:\/\/www.macquero.com\/en\/wp-json\/wp\/v2\/media\/16114"}],"wp:attachment":[{"href":"https:\/\/www.macquero.com\/en\/wp-json\/wp\/v2\/media?parent=16111"}],"wp:term":[{"taxonomy":"category","embeddable":true,"href":"https:\/\/www.macquero.com\/en\/wp-json\/wp\/v2\/categories?post=16111"},{"taxonomy":"post_tag","embeddable":true,"href":"https:\/\/www.macquero.com\/en\/wp-json\/wp\/v2\/tags?post=16111"}],"curies":[{"name":"wp","href":"https:\/\/api.w.org\/{rel}","templated":true}]}}