{"id":15926,"date":"2021-11-25T00:17:59","date_gmt":"2021-11-25T06:17:59","guid":{"rendered":"https:\/\/www.macquero.com\/?p=15926"},"modified":"2022-02-07T06:03:15","modified_gmt":"2022-02-07T12:03:15","slug":"apple-ha-anunciado-en-su-pagina-web-las-ofertas-por-el-black-friday-2021","status":"publish","type":"post","link":"https:\/\/www.macquero.com\/en\/2021\/11\/apple-ha-anunciado-en-su-pagina-web-las-ofertas-por-el-black-friday-2021\/","title":{"rendered":"Apple ha anunciado en su p\u00e1gina web las ofertas por el Black Friday 2021."},"content":{"rendered":"<p>Los usuarios podr\u00e1n conseguir tarjetas regalo en el momento que compren al menos un iPhone, iPad, AirPods y Mac. *Estas ofertas se podr\u00e1n aplicar en futuras compras para obtener los descuentos.<\/p>\n\n\n\n<h3 class=\"wp-block-heading\">Recuerda que los descuentos est\u00e1n pautados para equipos que no son nuevos. (Es decir del a\u00f1o de salida).<\/h3>\n\n\n\n<p>Este a\u00f1o la compa\u00f1\u00eda&nbsp;se ha sumado al famoso \u2018viernes negro\u2019 y extender\u00e1 sus diferentes servicios y productos hasta el pr\u00f3ximo lunes 29 de noviembre, d\u00eda en el que se celebra el conocido \u2018Cyber Monday\u2019.<\/p>\n\n\n\n<p id=\"m97-96-98\">La p\u00e1gina de Apple en M\u00e9xico ya lleva varios d\u00edas con est\u00e1 invitaci\u00f3n (desde la semana pasada), dirigida especialmente para sus usuarios&nbsp;con algunas ofertas adicionales en calidad de promoci\u00f3n para diferentes servicios c\u00f3mo: <a rel=\"noreferrer noopener\" href=\"https:\/\/www.apple.com\/mx\/apple-fitness-plus\/\" data-type=\"URL\" data-id=\"https:\/\/www.apple.com\/mx\/apple-fitness-plus\/\" target=\"_blank\">Apple Fitness+<\/a> y <a rel=\"noreferrer noopener\" href=\"https:\/\/tv.apple.com\/mx\/show\/umc.cmc.8xrkg9zywke7g6a9ahmvpr3l?itscg=10000&amp;itsct=atv-apl_hp-pmo_wch-AcapulcoS1-211008\" data-type=\"URL\" data-id=\"https:\/\/tv.apple.com\/mx\/show\/umc.cmc.8xrkg9zywke7g6a9ahmvpr3l?itscg=10000&amp;itsct=atv-apl_hp-pmo_wch-AcapulcoS1-211008\" target=\"_blank\">\uf8ffTV<\/a>. <\/p>\n\n\n\n<p>Fuente: <a href=\"https:\/\/www.apple.com\/mx\/\" data-type=\"URL\" data-id=\"https:\/\/www.apple.com\/mx\/\" target=\"_blank\" rel=\"noreferrer noopener\">Apple M\u00e9xico<\/a>. <\/p>\n\n\n\n<p>Cu\u00e9ntanos: \u00bfqu\u00e9 pediste para el ni\u00f1o Jes\u00fas? <\/p>","protected":false},"excerpt":{"rendered":"<p>Los usuarios podr\u00e1n conseguir tarjetas regalo en el momento que compren al menos un iPhone, iPad, AirPods y Mac. *Estas ofertas se podr\u00e1n aplicar en futuras compras para obtener los descuentos. Recuerda que los descuentos est\u00e1n pautados para equipos que no son nuevos. (Es decir del a\u00f1o de salida). Este a\u00f1o la compa\u00f1\u00eda&nbsp;se ha sumado &hellip;<\/p>","protected":false},"author":2,"featured_media":15927,"comment_status":"open","ping_status":"closed","sticky":false,"template":"","format":"standard","meta":{"jetpack_post_was_ever_published":false,"_jetpack_newsletter_access":"","_jetpack_dont_email_post_to_subs":false,"_jetpack_newsletter_tier_id":0,"_jetpack_memberships_contains_paywalled_content":false,"_jetpack_memberships_contains_paid_content":false,"footnotes":"","jetpack_publicize_message":"","jetpack_publicize_feature_enabled":true,"jetpack_social_post_already_shared":true,"jetpack_social_options":{"image_generator_settings":{"template":"highway","default_image_id":0,"font":"","enabled":false},"version":2}},"categories":[596],"tags":[1043,1049],"class_list":["post-15926","post","type-post","status-publish","format-standard","has-post-thumbnail","hentry","category-apple-tv","tag-black-friday","tag-cyber-monday"],"jetpack_publicize_connections":[],"jetpack_featured_media_url":"https:\/\/www.macquero.com\/wp-content\/uploads\/2021\/11\/pu.jpg","jetpack_sharing_enabled":true,"_links":{"self":[{"href":"https:\/\/www.macquero.com\/en\/wp-json\/wp\/v2\/posts\/15926","targetHints":{"allow":["GET"]}}],"collection":[{"href":"https:\/\/www.macquero.com\/en\/wp-json\/wp\/v2\/posts"}],"about":[{"href":"https:\/\/www.macquero.com\/en\/wp-json\/wp\/v2\/types\/post"}],"author":[{"embeddable":true,"href":"https:\/\/www.macquero.com\/en\/wp-json\/wp\/v2\/users\/2"}],"replies":[{"embeddable":true,"href":"https:\/\/www.macquero.com\/en\/wp-json\/wp\/v2\/comments?post=15926"}],"version-history":[{"count":2,"href":"https:\/\/www.macquero.com\/en\/wp-json\/wp\/v2\/posts\/15926\/revisions"}],"predecessor-version":[{"id":16776,"href":"https:\/\/www.macquero.com\/en\/wp-json\/wp\/v2\/posts\/15926\/revisions\/16776"}],"wp:featuredmedia":[{"embeddable":true,"href":"https:\/\/www.macquero.com\/en\/wp-json\/wp\/v2\/media\/15927"}],"wp:attachment":[{"href":"https:\/\/www.macquero.com\/en\/wp-json\/wp\/v2\/media?parent=15926"}],"wp:term":[{"taxonomy":"category","embeddable":true,"href":"https:\/\/www.macquero.com\/en\/wp-json\/wp\/v2\/categories?post=15926"},{"taxonomy":"post_tag","embeddable":true,"href":"https:\/\/www.macquero.com\/en\/wp-json\/wp\/v2\/tags?post=15926"}],"curies":[{"name":"wp","href":"https:\/\/api.w.org\/{rel}","templated":true}]}}