{"id":15919,"date":"2021-11-24T00:19:21","date_gmt":"2021-11-24T06:19:21","guid":{"rendered":"https:\/\/www.macquero.com\/?p=15919"},"modified":"2021-11-24T00:19:24","modified_gmt":"2021-11-24T06:19:24","slug":"la-crisis-de-chips-afecta-al-nuevo-iphone-13","status":"publish","type":"post","link":"https:\/\/www.macquero.com\/en\/2021\/11\/la-crisis-de-chips-afecta-al-nuevo-iphone-13\/","title":{"rendered":"La crisis de chips afecta al nuevo iPhone 13."},"content":{"rendered":"<p>La crisis de componentes, que est\u00e1 afectando a numerosas industrias este a\u00f1o, est\u00e1 imposibilitando a los consumidores contar con algunos productos muy deseados.\u00a0Uno de ellos es el nuevo\u00a0iPhone\u00a013, lanzado el pasado septiembre. Quien quiera adquirir la nueva generaci\u00f3n de smartphone de Apple -compuesta por cuatro modelos diferentes: iPhone 13, iPhone 13 mini, iPhone 13 Pro y iPhone 13 Pro Max- deber\u00e1 esperar un tiempo, ya que las principales tiendas distribuidoras de productos electr\u00f3nicos no est\u00e1n contando con suficiente stock como para abastecer su demanda.<\/p>\n\n\n\n<blockquote class=\"wp-block-quote is-layout-flow wp-block-quote-is-layout-flow\"><p>Si ten\u00edas en mente tenerlo para navidad, va a estar un poquito dif\u00edcil.<\/p><\/blockquote>\n\n\n\n<p>Apple, a trav\u00e9s de su director Tim Cook,\u00a0&#8220;alert\u00f3 el pasado abril de que la crisis de chips afectar\u00eda\u00a0a sus cadenas de suministro de iPad y Mac&#8221;. <\/p>\n\n\n\n<p>Durante estos meses la empresa ha mantenido un buen ritmo de producci\u00f3n gracias a la reserva de componentes con la que ya contaba, pero en este oto\u00f1o\u00a0se ha visto obligada a bajar las expectativas\u00a0con la fabricaci\u00f3n de componentes para los modelos iPhone 13 Pro y iPhone 13 Pro Max.<\/p>","protected":false},"excerpt":{"rendered":"<p>La crisis de componentes, que est\u00e1 afectando a numerosas industrias este a\u00f1o, est\u00e1 imposibilitando a los consumidores contar con algunos productos muy deseados.\u00a0Uno de ellos es el nuevo\u00a0iPhone\u00a013, lanzado el pasado septiembre. Quien quiera adquirir la nueva generaci\u00f3n de smartphone de Apple -compuesta por cuatro modelos diferentes: iPhone 13, iPhone 13 mini, iPhone 13 Pro &hellip;<\/p>","protected":false},"author":2,"featured_media":15920,"comment_status":"closed","ping_status":"closed","sticky":false,"template":"","format":"standard","meta":{"jetpack_post_was_ever_published":false,"_jetpack_newsletter_access":"","_jetpack_dont_email_post_to_subs":false,"_jetpack_newsletter_tier_id":0,"_jetpack_memberships_contains_paywalled_content":false,"_jetpack_memberships_contains_paid_content":false,"footnotes":"","jetpack_publicize_message":"","jetpack_publicize_feature_enabled":true,"jetpack_social_post_already_shared":true,"jetpack_social_options":{"image_generator_settings":{"template":"highway","default_image_id":0,"font":"","enabled":false},"version":2}},"categories":[5],"tags":[1048],"class_list":["post-15919","post","type-post","status-publish","format-standard","has-post-thumbnail","hentry","category-apple","tag-noticias"],"jetpack_publicize_connections":[],"jetpack_featured_media_url":"https:\/\/www.macquero.com\/wp-content\/uploads\/2021\/11\/22.jpg","jetpack_sharing_enabled":true,"_links":{"self":[{"href":"https:\/\/www.macquero.com\/en\/wp-json\/wp\/v2\/posts\/15919","targetHints":{"allow":["GET"]}}],"collection":[{"href":"https:\/\/www.macquero.com\/en\/wp-json\/wp\/v2\/posts"}],"about":[{"href":"https:\/\/www.macquero.com\/en\/wp-json\/wp\/v2\/types\/post"}],"author":[{"embeddable":true,"href":"https:\/\/www.macquero.com\/en\/wp-json\/wp\/v2\/users\/2"}],"replies":[{"embeddable":true,"href":"https:\/\/www.macquero.com\/en\/wp-json\/wp\/v2\/comments?post=15919"}],"version-history":[{"count":1,"href":"https:\/\/www.macquero.com\/en\/wp-json\/wp\/v2\/posts\/15919\/revisions"}],"predecessor-version":[{"id":15921,"href":"https:\/\/www.macquero.com\/en\/wp-json\/wp\/v2\/posts\/15919\/revisions\/15921"}],"wp:featuredmedia":[{"embeddable":true,"href":"https:\/\/www.macquero.com\/en\/wp-json\/wp\/v2\/media\/15920"}],"wp:attachment":[{"href":"https:\/\/www.macquero.com\/en\/wp-json\/wp\/v2\/media?parent=15919"}],"wp:term":[{"taxonomy":"category","embeddable":true,"href":"https:\/\/www.macquero.com\/en\/wp-json\/wp\/v2\/categories?post=15919"},{"taxonomy":"post_tag","embeddable":true,"href":"https:\/\/www.macquero.com\/en\/wp-json\/wp\/v2\/tags?post=15919"}],"curies":[{"name":"wp","href":"https:\/\/api.w.org\/{rel}","templated":true}]}}