{"id":15885,"date":"2021-11-19T19:33:25","date_gmt":"2021-11-20T01:33:25","guid":{"rendered":"https:\/\/www.macquero.com\/?p=15885"},"modified":"2021-11-19T19:33:28","modified_gmt":"2021-11-20T01:33:28","slug":"apple-sorprende-y-anuncia-una-inesperada-noticia-podras-arreglar-en-casa-tu-propio-iphone","status":"publish","type":"post","link":"https:\/\/www.macquero.com\/en\/2021\/11\/apple-sorprende-y-anuncia-una-inesperada-noticia-podras-arreglar-en-casa-tu-propio-iphone\/","title":{"rendered":"Apple sorprende y anuncia una inesperada noticia: podr\u00e1s arreglar en casa tu propio iPhone."},"content":{"rendered":"<p>Hay quienes en alg\u00fan momento se han aventurado al pensamiento: \u00bfpara qu\u00e9 llevar al t\u00e9cnico mi equipo, si yo puedo hacerlo?, conozco much\u00edsimas personas que sin ser t\u00e9cnicos especializados, simplemente por iniciativa propia deciden cambiar una pieza por otra. Y listo. \u00a1Reparado!<\/p>\n\n\n\n<h2 class=\"wp-block-heading\">Lo nuevo desde Cupertino<\/h2>\n\n\n\n<p>La compa\u00f1\u00eda pondr\u00e1 a disposici\u00f3n de clientes particulares (piezas, herramientas y manuales para varios de sus dispositivos m\u00e1s populares), inicialmente para el iPhone 12 y el iPhone 13 y pronto para los ordenadores Mac con chips M1.<\/p>\n\n\n\n<blockquote class=\"wp-block-quote is-layout-flow wp-block-quote-is-layout-flow\"><p>La noticia personalmente me sorprendi\u00f3 y tuve que investigar bien, ya que el d\u00eda de los inocentes est\u00e1 por llegar. <\/p><\/blockquote>\n\n\n\n<p>Sin embargo de momento, solamente\u00a0los modelos de\u00a0iPhone 12,\u00a0iPhone 13\u00a0y las computadoras\u00a0Mac\u00a0con nuevos chips tendr\u00e1n disponibilidad para efectuar reparaciones de autoservicio a principios del a\u00f1o que viene en Estados Unidos\u00a0y posteriormente se ampliar\u00e1 a otros pa\u00edses a lo largo de 2022.<\/p>\n\n\n\n<p>A pesar de que la compa\u00f1\u00eda crea productos duraderos que est\u00e1n dise\u00f1ados para soportar los posibles riegos del uso diario, la primera fase de este inusual programa estar\u00e1 centrado en los m\u00f3dulos de\u00a0iPhone\u00a0que se reparen con m\u00e1s frecuencia, como la pantalla, la bater\u00eda y la c\u00e1mara.<\/p>\n\n\n\n<p>\u00bfY t\u00fa, te atrever\u00edas a repararlo por cuenta propia? <\/p>","protected":false},"excerpt":{"rendered":"<p>Hay quienes en alg\u00fan momento se han aventurado al pensamiento: \u00bfpara qu\u00e9 llevar al t\u00e9cnico mi equipo, si yo puedo hacerlo?, conozco much\u00edsimas personas que sin ser t\u00e9cnicos especializados, simplemente por iniciativa propia deciden cambiar una pieza por otra. Y listo. \u00a1Reparado! Lo nuevo desde Cupertino La compa\u00f1\u00eda pondr\u00e1 a disposici\u00f3n de clientes particulares (piezas, &hellip;<\/p>","protected":false},"author":2,"featured_media":15886,"comment_status":"open","ping_status":"closed","sticky":false,"template":"","format":"standard","meta":{"jetpack_post_was_ever_published":false,"_jetpack_newsletter_access":"","_jetpack_dont_email_post_to_subs":false,"_jetpack_newsletter_tier_id":0,"_jetpack_memberships_contains_paywalled_content":false,"_jetpack_memberships_contains_paid_content":false,"footnotes":"","jetpack_publicize_message":"","jetpack_publicize_feature_enabled":true,"jetpack_social_post_already_shared":true,"jetpack_social_options":{"image_generator_settings":{"template":"highway","default_image_id":0,"font":"","enabled":false},"version":2}},"categories":[5],"tags":[1045],"class_list":["post-15885","post","type-post","status-publish","format-standard","has-post-thumbnail","hentry","category-apple","tag-anuncio"],"jetpack_publicize_connections":[],"jetpack_featured_media_url":"https:\/\/www.macquero.com\/wp-content\/uploads\/2021\/11\/Captura-de-pantalla-2021-11-19-a-las-9.42.08-p.-m..png","jetpack_sharing_enabled":true,"_links":{"self":[{"href":"https:\/\/www.macquero.com\/en\/wp-json\/wp\/v2\/posts\/15885","targetHints":{"allow":["GET"]}}],"collection":[{"href":"https:\/\/www.macquero.com\/en\/wp-json\/wp\/v2\/posts"}],"about":[{"href":"https:\/\/www.macquero.com\/en\/wp-json\/wp\/v2\/types\/post"}],"author":[{"embeddable":true,"href":"https:\/\/www.macquero.com\/en\/wp-json\/wp\/v2\/users\/2"}],"replies":[{"embeddable":true,"href":"https:\/\/www.macquero.com\/en\/wp-json\/wp\/v2\/comments?post=15885"}],"version-history":[{"count":1,"href":"https:\/\/www.macquero.com\/en\/wp-json\/wp\/v2\/posts\/15885\/revisions"}],"predecessor-version":[{"id":15887,"href":"https:\/\/www.macquero.com\/en\/wp-json\/wp\/v2\/posts\/15885\/revisions\/15887"}],"wp:featuredmedia":[{"embeddable":true,"href":"https:\/\/www.macquero.com\/en\/wp-json\/wp\/v2\/media\/15886"}],"wp:attachment":[{"href":"https:\/\/www.macquero.com\/en\/wp-json\/wp\/v2\/media?parent=15885"}],"wp:term":[{"taxonomy":"category","embeddable":true,"href":"https:\/\/www.macquero.com\/en\/wp-json\/wp\/v2\/categories?post=15885"},{"taxonomy":"post_tag","embeddable":true,"href":"https:\/\/www.macquero.com\/en\/wp-json\/wp\/v2\/tags?post=15885"}],"curies":[{"name":"wp","href":"https:\/\/api.w.org\/{rel}","templated":true}]}}