{"id":15840,"date":"2021-11-16T07:35:45","date_gmt":"2021-11-16T13:35:45","guid":{"rendered":"https:\/\/www.macquero.com\/?p=15840"},"modified":"2021-11-16T07:52:21","modified_gmt":"2021-11-16T13:52:21","slug":"cuando-comienza-el-black-friday-en-apple","status":"publish","type":"post","link":"https:\/\/www.macquero.com\/en\/2021\/11\/cuando-comienza-el-black-friday-en-apple\/","title":{"rendered":"\u00bfCu\u00e1ndo comienza el Black Friday en Apple?"},"content":{"rendered":"<p>En honor a la verdad nunca. \u00a1No se molesten! Apple no realiza descuentos en sus productos durante el Black Friday, aunque se pueden conseguir tarjetas regalo.<\/p>\n\n\n\n<p id=\"m92-91-93\">El&nbsp;Black Friday&nbsp;es uno de los eventos comerciales m\u00e1s importantes, sobre todo, para las empresas de tecnolog\u00eda, cuyas rebajas son las m\u00e1s esperadas&nbsp;por los consumidores, que esperan encontrar art\u00edculos con grandes descuentos.&nbsp;<\/p>\n\n\n\n<p id=\"m97-96-98\">Aunque la fecha oficial del Black Friday es el viernes 26 de noviembre, justo un d\u00eda despu\u00e9s de Acci\u00f3n de Gracias, lo cierto es que las empresas de tecnolog\u00eda y desarrolladores del sector siempre adelantan cada vez m\u00e1s esta fecha.&nbsp;<\/p>\n\n\n\n<p id=\"m102-101-103\">En el caso de Apple, cuyos productos tienen fama de ser inalcanzables, como es el caso de los IPhone o los iPad, <strong>no se une a este evento comercial<\/strong>, ya que no rebaja ninguno de sus productos durante estas fechas.&nbsp;<\/p>\n\n\n\n<p id=\"m107-106-108\">Lo que s\u00ed que se puede conseguir en Apple<strong>&nbsp;es una tarjeta regalo al adquirir alguno de sus productos,&nbsp;<\/strong>aumentando el inter\u00e9s de los clientes para poder contar con una de estas tarjetas, aunque hemos de advertir que la oferta no se aplica a todos los modelos y dispositivos.&nbsp;<\/p>\n\n\n\n<p>As\u00ed, qu\u00e9 durante est\u00e1s semanas seguramente podremos conseguir alg\u00fan juego o app redituable libre de costo, o quiz\u00e1s obtengamos una rebaja del 50% sobre alg\u00fan servicio. Habr\u00e1 qu\u00e9 mirar en la tienda. Todo puede pasar. <\/p>","protected":false},"excerpt":{"rendered":"<p>En honor a la verdad nunca. \u00a1No se molesten! Apple no realiza descuentos en sus productos durante el Black Friday, aunque se pueden conseguir tarjetas regalo. El&nbsp;Black Friday&nbsp;es uno de los eventos comerciales m\u00e1s importantes, sobre todo, para las empresas de tecnolog\u00eda, cuyas rebajas son las m\u00e1s esperadas&nbsp;por los consumidores, que esperan encontrar art\u00edculos con &hellip;<\/p>","protected":false},"author":2,"featured_media":15847,"comment_status":"closed","ping_status":"closed","sticky":false,"template":"","format":"standard","meta":{"jetpack_post_was_ever_published":false,"_jetpack_newsletter_access":"","_jetpack_dont_email_post_to_subs":false,"_jetpack_newsletter_tier_id":0,"_jetpack_memberships_contains_paywalled_content":false,"_jetpack_memberships_contains_paid_content":false,"footnotes":"","jetpack_publicize_message":"","jetpack_publicize_feature_enabled":true,"jetpack_social_post_already_shared":true,"jetpack_social_options":{"image_generator_settings":{"template":"highway","default_image_id":0,"font":"","enabled":false},"version":2}},"categories":[5],"tags":[1043],"class_list":["post-15840","post","type-post","status-publish","format-standard","has-post-thumbnail","hentry","category-apple","tag-black-friday"],"jetpack_publicize_connections":[],"jetpack_featured_media_url":"https:\/\/www.macquero.com\/wp-content\/uploads\/2021\/11\/6.jpg","jetpack_sharing_enabled":true,"_links":{"self":[{"href":"https:\/\/www.macquero.com\/en\/wp-json\/wp\/v2\/posts\/15840","targetHints":{"allow":["GET"]}}],"collection":[{"href":"https:\/\/www.macquero.com\/en\/wp-json\/wp\/v2\/posts"}],"about":[{"href":"https:\/\/www.macquero.com\/en\/wp-json\/wp\/v2\/types\/post"}],"author":[{"embeddable":true,"href":"https:\/\/www.macquero.com\/en\/wp-json\/wp\/v2\/users\/2"}],"replies":[{"embeddable":true,"href":"https:\/\/www.macquero.com\/en\/wp-json\/wp\/v2\/comments?post=15840"}],"version-history":[{"count":4,"href":"https:\/\/www.macquero.com\/en\/wp-json\/wp\/v2\/posts\/15840\/revisions"}],"predecessor-version":[{"id":15848,"href":"https:\/\/www.macquero.com\/en\/wp-json\/wp\/v2\/posts\/15840\/revisions\/15848"}],"wp:featuredmedia":[{"embeddable":true,"href":"https:\/\/www.macquero.com\/en\/wp-json\/wp\/v2\/media\/15847"}],"wp:attachment":[{"href":"https:\/\/www.macquero.com\/en\/wp-json\/wp\/v2\/media?parent=15840"}],"wp:term":[{"taxonomy":"category","embeddable":true,"href":"https:\/\/www.macquero.com\/en\/wp-json\/wp\/v2\/categories?post=15840"},{"taxonomy":"post_tag","embeddable":true,"href":"https:\/\/www.macquero.com\/en\/wp-json\/wp\/v2\/tags?post=15840"}],"curies":[{"name":"wp","href":"https:\/\/api.w.org\/{rel}","templated":true}]}}