{"id":15810,"date":"2021-11-08T09:04:08","date_gmt":"2021-11-08T15:04:08","guid":{"rendered":"https:\/\/www.macquero.com\/?p=15810"},"modified":"2021-11-08T09:32:26","modified_gmt":"2021-11-08T15:32:26","slug":"apple-airpods-3-con-una-actualizacion-que-vale-la-pena-sobre-todo-si-lo-esencial-es-la-comodidad-al-usarlos","status":"publish","type":"post","link":"https:\/\/www.macquero.com\/en\/2021\/11\/apple-airpods-3-con-una-actualizacion-que-vale-la-pena-sobre-todo-si-lo-esencial-es-la-comodidad-al-usarlos\/","title":{"rendered":"Apple AirPods 3: con una actualizaci\u00f3n que vale la pena, sobre todo si lo esencial es la comodidad al usarlos."},"content":{"rendered":"<p>Pudimos ver el funcionamiento de los nuevos AirPods 3, que Apple present\u00f3 el pasado 18 de octubre en una keynote junto a su nuevo MacBook Pro. La \u00faltima generaci\u00f3n de auriculares de la compa\u00f1\u00eda de Steve Jobs viene con novedades potentes: mejor sonido, mayor autonom\u00eda, renovado dise\u00f1o, m\u00e1s tecnolog\u00eda y una carga inal\u00e1mbrica muy pero que muy c\u00f3moda.<\/p>\n\n\n\n<h2 class=\"wp-block-heading\">Especificaciones<\/h2>\n\n\n\n<ul class=\"wp-block-list\"><li>Tecnolog\u00eda de sonido: audio espacial con seguimiento din\u00e1mico de la cabeza, ecualizaci\u00f3n adaptativa, transductor a medida de alta excursi\u00f3n de Apple, amplificador a medida de alto rango din\u00e1mico.<\/li><li>Sensores: dos micr\u00f3fonos con tecnolog\u00eda beamforming, micr\u00f3fono orientado hacia dentro, sensor de piel, aceler\u00f3metro con detecci\u00f3n de movimiento, aceler\u00f3metro con detecci\u00f3n de voz, sensor de presi\u00f3n.<\/li><li>Procesador: chip H1 para auriculares.<\/li><li>Controles: pulsa una vez para reproducir audio, ponerlo en pausa o responder una llamada, pulsa dos veces para pasar a la canci\u00f3n siguiente, pulsa tres veces para volver a la canci\u00f3n anterior, mant\u00e9n pulsado para activar Siri, di \u201cOye Siri\u201d para escuchar una canci\u00f3n, hacer una llamada, obtener indicaciones y mucho m\u00e1s.<\/li><li>Resistencia: al sudor y al agua (IPX4).<\/li><li>Dimensiones y peso: 3,08 cm de alto, 1,83 cm de ancho, 1,93 cm de grosor y 4,28 g de peso por auricular; 4,64 cm de alto, 5,44 cm de ancho, 2,14 cm de grosor y 37,91 g de peso del estuche.<\/li><li>Carga: compatible con el cargador MagSafe, cargadores con certificaci\u00f3n Qi y el conector Lightning.<\/li><li>Bater\u00eda: hasta 6 horas de reproducci\u00f3n de audio con una sola carga (hasta 5 horas con la funci\u00f3n de audio espacial activada), hasta 4 horas de conversaci\u00f3n con una sola carga; en total con el estuche hasta 30 horas de reproducci\u00f3n de audio y hasta 20 horas de conversaci\u00f3n; 5 minutos en el estuche te dan aproximadamente 1 hora de reproducci\u00f3n de audio o aproximadamente 1 hora de conversaci\u00f3n.<\/li><li>Conexiones: Bluetooth 5.0<\/li><\/ul>\n\n\n\n<p>El nuevo dise\u00f1o hace que sean m\u00e1s c\u00f3modos y que el agarre en la oreja sea mejor.<\/p>\n\n\n\n<p>En cuanto a dimensiones y peso, tienen 3,08 cm de alto, 1,83 cm de ancho, 1,93 cm de grosor y 4,28 g de peso por auricular. El estuche mide 4,64 cm de alto, 5,44 cm de ancho, 2,14 cm de grosor y pesa 37,91 g.\u00a0<\/p>\n\n\n\n<p>Esto significa que cada auricular es un poquito m\u00e1s pesado que en el caso de los AirPods 2, que pesaban 4 gramos cada uno. Pero ese peso extra pasa completamente desapercibido.<\/p>\n\n\n\n<p>Te dejamos la fuente, para qu\u00e9 disfrutes de una mejor experiencia.<\/p>\n\n\n\n<p>Gracias. <strong><a href=\"https:\/\/www.youtube.com\/channel\/UCQBiLYv2BjHwwG3gc-n7JVA\" data-type=\"URL\" data-id=\"https:\/\/www.youtube.com\/channel\/UCQBiLYv2BjHwwG3gc-n7JVA\" target=\"_blank\" rel=\"noreferrer noopener\">Tech Santos<\/a><\/strong>.<\/p>","protected":false},"excerpt":{"rendered":"<p>Pudimos ver el funcionamiento de los nuevos AirPods 3, que Apple present\u00f3 el pasado 18 de octubre en una keynote junto a su nuevo MacBook Pro. La \u00faltima generaci\u00f3n de auriculares de la compa\u00f1\u00eda de Steve Jobs viene con novedades potentes: mejor sonido, mayor autonom\u00eda, renovado dise\u00f1o, m\u00e1s tecnolog\u00eda y una carga inal\u00e1mbrica muy pero &hellip;<\/p>","protected":false},"author":2,"featured_media":15811,"comment_status":"closed","ping_status":"closed","sticky":false,"template":"","format":"standard","meta":{"jetpack_post_was_ever_published":false,"_jetpack_newsletter_access":"","_jetpack_dont_email_post_to_subs":false,"_jetpack_newsletter_tier_id":0,"_jetpack_memberships_contains_paywalled_content":false,"_jetpack_memberships_contains_paid_content":false,"footnotes":"","jetpack_publicize_message":"","jetpack_publicize_feature_enabled":true,"jetpack_social_post_already_shared":true,"jetpack_social_options":{"image_generator_settings":{"template":"highway","default_image_id":0,"font":"","enabled":false},"version":2}},"categories":[5],"tags":[1022],"class_list":["post-15810","post","type-post","status-publish","format-standard","has-post-thumbnail","hentry","category-apple","tag-productos"],"jetpack_publicize_connections":[],"jetpack_featured_media_url":"https:\/\/www.macquero.com\/wp-content\/uploads\/2021\/11\/Captura-de-pantalla-2021-11-08-a-las-11.11.55-a.-m..png","jetpack_sharing_enabled":true,"_links":{"self":[{"href":"https:\/\/www.macquero.com\/en\/wp-json\/wp\/v2\/posts\/15810","targetHints":{"allow":["GET"]}}],"collection":[{"href":"https:\/\/www.macquero.com\/en\/wp-json\/wp\/v2\/posts"}],"about":[{"href":"https:\/\/www.macquero.com\/en\/wp-json\/wp\/v2\/types\/post"}],"author":[{"embeddable":true,"href":"https:\/\/www.macquero.com\/en\/wp-json\/wp\/v2\/users\/2"}],"replies":[{"embeddable":true,"href":"https:\/\/www.macquero.com\/en\/wp-json\/wp\/v2\/comments?post=15810"}],"version-history":[{"count":2,"href":"https:\/\/www.macquero.com\/en\/wp-json\/wp\/v2\/posts\/15810\/revisions"}],"predecessor-version":[{"id":15814,"href":"https:\/\/www.macquero.com\/en\/wp-json\/wp\/v2\/posts\/15810\/revisions\/15814"}],"wp:featuredmedia":[{"embeddable":true,"href":"https:\/\/www.macquero.com\/en\/wp-json\/wp\/v2\/media\/15811"}],"wp:attachment":[{"href":"https:\/\/www.macquero.com\/en\/wp-json\/wp\/v2\/media?parent=15810"}],"wp:term":[{"taxonomy":"category","embeddable":true,"href":"https:\/\/www.macquero.com\/en\/wp-json\/wp\/v2\/categories?post=15810"},{"taxonomy":"post_tag","embeddable":true,"href":"https:\/\/www.macquero.com\/en\/wp-json\/wp\/v2\/tags?post=15810"}],"curies":[{"name":"wp","href":"https:\/\/api.w.org\/{rel}","templated":true}]}}