{"id":15785,"date":"2021-11-06T11:48:05","date_gmt":"2021-11-06T17:48:05","guid":{"rendered":"https:\/\/www.macquero.com\/?p=15785"},"modified":"2021-11-06T12:04:05","modified_gmt":"2021-11-06T18:04:05","slug":"noticia-de-interes-apple-notifica-a-sus-usuarios-con-una-macbook-no-actualizar-a-la-ultima-version-de-su-sistema-operativo-macos-monterey","status":"publish","type":"post","link":"https:\/\/www.macquero.com\/en\/2021\/11\/noticia-de-interes-apple-notifica-a-sus-usuarios-con-una-macbook-no-actualizar-a-la-ultima-version-de-su-sistema-operativo-macos-monterey\/","title":{"rendered":"Noticia de inter\u00e9s. Apple notifica a sus usuarios con una Macbook, no actualizar a la \u00faltima versi\u00f3n de su sistema operativo macOs Monterey."},"content":{"rendered":"<p>El \u00faltimo sistema operativo lanzado por la compa\u00f1\u00eda fundada por Steve Jobs, el MacOS Monterey, bloquear\u00eda tanto los MacBook Pro como los MacBook Air. <\/p>\n\n\n\n<p>Creo qu\u00e9 es la primera vez que la empresa emite un comunicado oficial, acerca de los problemas que podr\u00edas tener de actualizar tu Macbook a MacOS Monterey.&nbsp;La suma de todos los miedos, podr\u00eda suponer la muerte del&nbsp;MacBook, sin importar el modelo tanto para el&nbsp;MacBook Pro como para los Air. <\/p>\n\n\n\n<p>El comunicado llega de forma masiva y contra todo pron\u00f3stico, ya que rara vez, &lt;&lt;c\u00f3mo lo coment\u00e9 antes&gt;&gt;, la compa\u00f1\u00eda de la manzana, suele ser extremadamente meticulosa con este tipo de actualizaciones cu\u00e1ndo se liberan.<\/p>\n\n\n\n<p>Desde Apple son ecu\u00e1nimes al se\u00f1alar: qu\u00e9&nbsp;no hay que actualizar a la \u00faltima versi\u00f3n del sistema operativo, el dispositivo podr\u00eda quedar inservible. (Y creo qu\u00e9 no estamos para echar a la basura nuestro dinero), As\u00ed que, a menos que no se quiera disponer de un MacBook como pisapapeles, se debe omitir la notificaci\u00f3n que invita a actualizarlo.<\/p>\n\n\n\n<h2 class=\"wp-block-heading\">Foro de soporte t\u00e9cnico de Apple<\/h2>\n\n\n\n<p>De momento, mientras las distintas plataformas de redes sociales se inundan de quejas absolutistas sobre si existe la posibilidad de recuperar la funcionalidad de sus dispositivos, el foro de soporte t\u00e9cnico de Apple no da abasto para tratar de dar respuesta a un problema inesperado y que por ahora, la \u00fanica soluci\u00f3n tangible es mantener el mismo sistema operativo a la espera de que el equipo t\u00e9cnico encuentre soluci\u00f3n a los errores.<\/p>\n\n\n\n<p>Si me preguntas a m\u00ed: &#8220;yo esperar\u00eda un poquito m\u00e1s de tiempo&#8221;, cu\u00e1ndo se haya podido solventar la crisis.<\/p>\n\n\n\n<h2 class=\"wp-block-heading\">\u00bfUna bomba fuera de control?<\/h2>\n\n\n\n<p>Intel &#8211; macOs Monterey: se ha convertido en la combinaci\u00f3n mortal de Apple. <\/p>\n\n\n\n<p>Dejar atr\u00e1s los procesadores Intel que integraban la mayor\u00eda de sus modelos MacBook, dando paso, al lanzamiento de su nueva apuesta: la&nbsp;nueva generaci\u00f3n de sus MacBook Pro con el procesador M1 de manufactura propia. <\/p>\n\n\n\n<p>Seg\u00fan la web \u2018MacRumors\u2019, todos los casos presentan la misma sintomatolog\u00eda: cualquier MacBoook, ya sea relativamente viejo o un modelo nuevo, cualquiera sufrir\u00e1 las consecuencias. Usuarios con dispositivos comprados en 2020 tambi\u00e9n se encuentran en problemas, no importa el a\u00f1o de lanzamiento, o que se disponga de un procesador Intel y\/o tengas la \u00faltima versi\u00f3n de MacOS Monterey. Tu m\u00e1quina literal ha muerto. <\/p>\n\n\n\n<h2 class=\"wp-block-heading\">La noticia desborda todos los canales de informaci\u00f3n, ya qu\u00e9 es la primera vez que incluso la empresa mantiene un silencio sepulcral, debido a este inusual suceso. <\/h2>\n\n\n\n<p>De momento, la multinacional tecnol\u00f3gica guarda silencio desde Sillicon Valey. Seguramente, estar\u00e1n trabajando contrarreloj a la sombra para subsanar el problema. Y, es que por todos es conocida su capacidad de reacci\u00f3n. Debido a la compleja dificultad para que un usuario general sea capaz de reiniciar de f\u00e1brica el sistema operativo del Macbook, la soluci\u00f3n, de esta manera,&nbsp;pasa por enviar la computadora a servicio t\u00e9cnico.<\/p>\n\n\n\n<p>De hecho, la extra\u00f1eza es generalizada en el amplio mundo de fan\u00e1ticos de la marca, que valoran su durabilidad, seguridad y vanguardismo. <\/p>\n\n\n\n<blockquote class=\"wp-block-quote is-layout-flow wp-block-quote-is-layout-flow\"><p>\u00bfC\u00f3mo Apple no fue consciente de este error en su versi\u00f3n beta, la que se llevaba probando desde el mes de junio? <\/p><\/blockquote>\n\n\n\n<p>Claramente los tiempos son otros, y con est\u00e9 duro contratiempo salta a la vista, que se han perdido los controles de calidad. Hay gente qu\u00e9 asegura que Apple, no es la misma, desde que Steve Jobs falleci\u00f3. Tocar\u00e1 esperar. <\/p>\n\n\n\n<p>Fuente: <a rel=\"noreferrer noopener\" href=\"https:\/\/www.noticiastrabajo.es\/apple-avisa-no-actualizar-ultima-version-macbook\/\" data-type=\"URL\" data-id=\"https:\/\/www.noticiastrabajo.es\/apple-avisa-no-actualizar-ultima-version-macbook\/\" target=\"_blank\">Noticias Trabajo<\/a>.  <\/p>","protected":false},"excerpt":{"rendered":"<p>El \u00faltimo sistema operativo lanzado por la compa\u00f1\u00eda fundada por Steve Jobs, el MacOS Monterey, bloquear\u00eda tanto los MacBook Pro como los MacBook Air. Creo qu\u00e9 es la primera vez que la empresa emite un comunicado oficial, acerca de los problemas que podr\u00edas tener de actualizar tu Macbook a MacOS Monterey.&nbsp;La suma de todos los &hellip;<\/p>","protected":false},"author":2,"featured_media":15787,"comment_status":"closed","ping_status":"closed","sticky":false,"template":"","format":"standard","meta":{"jetpack_post_was_ever_published":false,"_jetpack_newsletter_access":"","_jetpack_dont_email_post_to_subs":false,"_jetpack_newsletter_tier_id":0,"_jetpack_memberships_contains_paywalled_content":false,"_jetpack_memberships_contains_paid_content":false,"footnotes":"","jetpack_publicize_message":"","jetpack_publicize_feature_enabled":true,"jetpack_social_post_already_shared":true,"jetpack_social_options":{"image_generator_settings":{"template":"highway","default_image_id":0,"font":"","enabled":false},"version":2}},"categories":[5],"tags":[1040],"class_list":["post-15785","post","type-post","status-publish","format-standard","has-post-thumbnail","hentry","category-apple","tag-importante"],"jetpack_publicize_connections":[],"jetpack_featured_media_url":"https:\/\/www.macquero.com\/wp-content\/uploads\/2021\/11\/rr.jpg","jetpack_sharing_enabled":true,"_links":{"self":[{"href":"https:\/\/www.macquero.com\/en\/wp-json\/wp\/v2\/posts\/15785","targetHints":{"allow":["GET"]}}],"collection":[{"href":"https:\/\/www.macquero.com\/en\/wp-json\/wp\/v2\/posts"}],"about":[{"href":"https:\/\/www.macquero.com\/en\/wp-json\/wp\/v2\/types\/post"}],"author":[{"embeddable":true,"href":"https:\/\/www.macquero.com\/en\/wp-json\/wp\/v2\/users\/2"}],"replies":[{"embeddable":true,"href":"https:\/\/www.macquero.com\/en\/wp-json\/wp\/v2\/comments?post=15785"}],"version-history":[{"count":9,"href":"https:\/\/www.macquero.com\/en\/wp-json\/wp\/v2\/posts\/15785\/revisions"}],"predecessor-version":[{"id":15799,"href":"https:\/\/www.macquero.com\/en\/wp-json\/wp\/v2\/posts\/15785\/revisions\/15799"}],"wp:featuredmedia":[{"embeddable":true,"href":"https:\/\/www.macquero.com\/en\/wp-json\/wp\/v2\/media\/15787"}],"wp:attachment":[{"href":"https:\/\/www.macquero.com\/en\/wp-json\/wp\/v2\/media?parent=15785"}],"wp:term":[{"taxonomy":"category","embeddable":true,"href":"https:\/\/www.macquero.com\/en\/wp-json\/wp\/v2\/categories?post=15785"},{"taxonomy":"post_tag","embeddable":true,"href":"https:\/\/www.macquero.com\/en\/wp-json\/wp\/v2\/tags?post=15785"}],"curies":[{"name":"wp","href":"https:\/\/api.w.org\/{rel}","templated":true}]}}