{"id":15768,"date":"2021-11-05T10:59:35","date_gmt":"2021-11-05T16:59:35","guid":{"rendered":"https:\/\/www.macquero.com\/?p=15768"},"modified":"2021-11-05T11:01:22","modified_gmt":"2021-11-05T17:01:22","slug":"el-nuevo-devorador-de-ram-no-es-chrome-ni-firefox-el-problema-lo-tiene-cupertino","status":"publish","type":"post","link":"https:\/\/www.macquero.com\/en\/2021\/11\/el-nuevo-devorador-de-ram-no-es-chrome-ni-firefox-el-problema-lo-tiene-cupertino\/","title":{"rendered":"El nuevo devorador de RAM no es Chrome, ni Firefox. El problema lo tiene Cupertino."},"content":{"rendered":"<p>Una noticia se ha hecho viral, desde hace varios d\u00edas cu\u00e1ndo un usuario report\u00f3 desde twitter el alto consumo de RAM utilizada en el nuevo sistema operativo de Apple.<\/p>\n\n\n\n<p>El nuevo sistema operativo de Apple ha resultado ser un devorador de RAM para algunos usuarios. Los casos m\u00e1s extremos hablan de hasta 25 GB de memoria consumidas desde el Centro de Control. \u00a1Una aut\u00e9ntica barbaridad!<\/p>\n\n\n\n<blockquote class=\"wp-block-quote is-layout-flow wp-block-quote-is-layout-flow\"><p>Hace unas semanas\u00a0Apple lanz\u00f3 su nuevo sistema operativo macOS Monterey, pensado para las computadoras que soporten esa versi\u00f3n. Y, como todo nuevo sistema operativo, parece que ha salido con algunos problemitas. <\/p><\/blockquote>\n\n\n\n<p>Seg\u00fan medios de comunicaci\u00f3n, algunas personas han descubierto que tras actualizar a macOS Monterey, ciertos procesos se inician en segundo plano y\u00a0consumen grandes cantidades de memoria RAM, ralentizando todo el dispositivo.<\/p>\n\n\n\n<p>Quiz\u00e1s lo qu\u00e9 m\u00e1s preocupa es que este fallo parece estar afectando a todo tipo de Macs y MacBooks,\u00a0incluyendo a los nuevos MacBook Pro\u00a0de 16 pulgadas (2021) y MacBook Pro de 14 pulgadas (2021) al igual que los modelos m\u00e1s antiguos de la compa\u00f1\u00eda. \u00a1Inaceptable!<\/p>\n\n\n\n<p>Reiniciar el Mac no soluciona el problema, seg\u00fan avisan varios usuarios desde Twitter.<\/p>\n\n\n\n<p>Si ten\u00edas en mente dar el salto. Desde Macquero te recomendamos qu\u00e9 esperes una versi\u00f3n m\u00e1s estable.<\/p>","protected":false},"excerpt":{"rendered":"<p>Una noticia se ha hecho viral, desde hace varios d\u00edas cu\u00e1ndo un usuario report\u00f3 desde twitter el alto consumo de RAM utilizada en el nuevo sistema operativo de Apple. El nuevo sistema operativo de Apple ha resultado ser un devorador de RAM para algunos usuarios. Los casos m\u00e1s extremos hablan de hasta 25 GB de &hellip;<\/p>","protected":false},"author":2,"featured_media":15769,"comment_status":"closed","ping_status":"closed","sticky":false,"template":"","format":"standard","meta":{"jetpack_post_was_ever_published":false,"_jetpack_newsletter_access":"","_jetpack_dont_email_post_to_subs":false,"_jetpack_newsletter_tier_id":0,"_jetpack_memberships_contains_paywalled_content":false,"_jetpack_memberships_contains_paid_content":false,"footnotes":"","jetpack_publicize_message":"","jetpack_publicize_feature_enabled":true,"jetpack_social_post_already_shared":true,"jetpack_social_options":{"image_generator_settings":{"template":"highway","default_image_id":0,"font":"","enabled":false},"version":2}},"categories":[5],"tags":[],"class_list":["post-15768","post","type-post","status-publish","format-standard","has-post-thumbnail","hentry","category-apple"],"jetpack_publicize_connections":[],"jetpack_featured_media_url":"https:\/\/www.macquero.com\/wp-content\/uploads\/2021\/11\/pp.jpg","jetpack_sharing_enabled":true,"_links":{"self":[{"href":"https:\/\/www.macquero.com\/en\/wp-json\/wp\/v2\/posts\/15768","targetHints":{"allow":["GET"]}}],"collection":[{"href":"https:\/\/www.macquero.com\/en\/wp-json\/wp\/v2\/posts"}],"about":[{"href":"https:\/\/www.macquero.com\/en\/wp-json\/wp\/v2\/types\/post"}],"author":[{"embeddable":true,"href":"https:\/\/www.macquero.com\/en\/wp-json\/wp\/v2\/users\/2"}],"replies":[{"embeddable":true,"href":"https:\/\/www.macquero.com\/en\/wp-json\/wp\/v2\/comments?post=15768"}],"version-history":[{"count":2,"href":"https:\/\/www.macquero.com\/en\/wp-json\/wp\/v2\/posts\/15768\/revisions"}],"predecessor-version":[{"id":15771,"href":"https:\/\/www.macquero.com\/en\/wp-json\/wp\/v2\/posts\/15768\/revisions\/15771"}],"wp:featuredmedia":[{"embeddable":true,"href":"https:\/\/www.macquero.com\/en\/wp-json\/wp\/v2\/media\/15769"}],"wp:attachment":[{"href":"https:\/\/www.macquero.com\/en\/wp-json\/wp\/v2\/media?parent=15768"}],"wp:term":[{"taxonomy":"category","embeddable":true,"href":"https:\/\/www.macquero.com\/en\/wp-json\/wp\/v2\/categories?post=15768"},{"taxonomy":"post_tag","embeddable":true,"href":"https:\/\/www.macquero.com\/en\/wp-json\/wp\/v2\/tags?post=15768"}],"curies":[{"name":"wp","href":"https:\/\/api.w.org\/{rel}","templated":true}]}}