{"id":15027,"date":"2021-10-26T13:30:03","date_gmt":"2021-10-26T18:30:03","guid":{"rendered":"https:\/\/www.macquero.com\/?p=15027"},"modified":"2021-10-26T14:07:14","modified_gmt":"2021-10-26T19:07:14","slug":"macos-monterey-ha-copiado-dos-de-las-mejores-funciones-de-windows-11-y-a-partir-de-la-fecha-se-podran-usar","status":"publish","type":"post","link":"https:\/\/www.macquero.com\/en\/2021\/10\/macos-monterey-ha-copiado-dos-de-las-mejores-funciones-de-windows-11-y-a-partir-de-la-fecha-se-podran-usar\/","title":{"rendered":"macOS Monterey ha copiado dos de las mejores funciones de Windows 11 y a partir de la fecha se podr\u00e1n usar."},"content":{"rendered":"<p>Cr\u00e9ditos a <a rel=\"noreferrer noopener\" href=\"https:\/\/www.genbeta.com\/\" data-type=\"URL\" data-id=\"https:\/\/www.genbeta.com\/\" target=\"_blank\">Genbeta<\/a>. En el pie del art\u00edculo. <\/p>\n\n\n\n<p class=\"has-background\" style=\"background-color:#c5c7c8\">Art\u00edculo: modificado desde nuestra visi\u00f3n, c\u00f3mo usuario final.<\/p>\n\n\n\n<p class=\"has-black-color has-text-color has-background\" style=\"background-color:#c5c7c8\"><strong>Todos nuestros art\u00edculos de terceros, &#8220;siempre&#8221; llevar\u00e1n una fuente al inicio y en el pie del art\u00edculo. As\u00ed, c\u00f3mo el uso de licencias comerciales o de libre uso, para recursos, im\u00e1genes y productos de terceros. Creative Commons.-<\/strong><\/p>\n\n\n\n<h2 class=\"wp-block-heading\">Resumen<\/h2>\n\n\n\n<p>A lo largo de su historia,&nbsp;macOS y Windows han copiado, incorporado y por decirlo de forma honorable han ambicionado homenajear muchas funciones del su gran rival. A d\u00eda de hoy, ambos sistemas operativos siguen teniendo&nbsp;funciones que el otro no tiene.<\/p>\n\n\n\n<p>Con&nbsp;macOS Monterey, la versi\u00f3n 12 del sistema operativo de Apple que llega hoy a las computadoras compatibles,&nbsp;los usuarios reciben dos funciones que est\u00e1n en Windows 10 y Windows 11. \u00bfC\u00f3mo saberlo no tengo Windows?, para ello, tuvimos qu\u00e9 desarrollar un trabajo de investigaci\u00f3n. <\/p>\n\n\n\n<h3 class=\"wp-block-heading\">Esas funciones o caracter\u00edsticas a\u00f1adidas son:<\/h3>\n\n\n\n<p>El ahorro de bater\u00eda que trae el <strong>&#8220;modo de bajo consumo&#8221;<\/strong> y la posibilidad de restablecer el sistema sin tener que formatear, (me agrada much\u00edsimo, est\u00e1 segunda funci\u00f3n), sobre todo para evitar alg\u00fan tipo de sobre salto. Est\u00e1 in\u00e9dita funci\u00f3n se llama: &#8220;Borrar contenidos y ajustes&#8221;. Se encuentra un poco escondida, as\u00ed que veamos c\u00f3mo se activa \u00e9sta y la primera funci\u00f3n.<\/p>\n\n\n\n<h1 class=\"wp-block-heading\">Modo de bajo consumo, herencia de iOS (y de Windows hace muchos a\u00f1os).<\/h1>\n\n\n\n<p>Apple finalmente ha comprendido la importancia de la implementaci\u00f3n de est\u00e1 nueva caracter\u00edstica en macOS Monterey, en la vista: &#8220;<strong>Modo de bajo consumo<\/strong>&#8220;. -C\u00f3mo luce en la imagen.<\/p>\n\n\n\n<figure class=\"wp-block-image size-large\"><img loading=\"lazy\" decoding=\"async\" width=\"940\" height=\"632\" src=\"https:\/\/www.macquero.com\/wp-content\/uploads\/2021\/10\/1-940x632.png\" alt=\"\" class=\"wp-image-15028\" srcset=\"https:\/\/www.macquero.com\/wp-content\/uploads\/2021\/10\/1-940x632.png 940w, https:\/\/www.macquero.com\/wp-content\/uploads\/2021\/10\/1-620x417.png 620w, https:\/\/www.macquero.com\/wp-content\/uploads\/2021\/10\/1-300x202.png 300w, https:\/\/www.macquero.com\/wp-content\/uploads\/2021\/10\/1-768x516.png 768w, https:\/\/www.macquero.com\/wp-content\/uploads\/2021\/10\/1-18x12.png 18w, https:\/\/www.macquero.com\/wp-content\/uploads\/2021\/10\/1.png 1333w\" sizes=\"auto, (max-width: 940px) 100vw, 940px\" \/><figcaption>Modo bajo consumo. Imagen cortes\u00eda de Genbeta.<\/figcaption><\/figure>\n\n\n\n<p>Ahora veremos c\u00f3mo funciona, pero antes hay que decir que Apple ha escondido mucho la funci\u00f3n en el sistema. Para activarlo, hay que ir a &#8220;Preferencias del sistema -&gt; Bater\u00eda -&gt; Escoger la opci\u00f3n dentro del men\u00fa de opciones, con el mismo nombre: Bater\u00eda -&gt; Activar &#8220;Modo de bajo consumo&#8221;&#8221;.<\/p>\n\n\n\n<h3 class=\"wp-block-heading\">Interesante tener en cuenta.<\/h3>\n\n\n\n<p>Si queremos activar el Modo de bajo consumo estando conectados a la corriente, el camino ser\u00e1 el mismo con un peque\u00f1o cambio: &#8220;Preferencias del sistema -&gt; Bater\u00eda -&gt; Adaptador de corriente -&gt; Activar &#8220;Modo de bajo consumo&#8221;&#8221;. Por defecto, el sistema recordar\u00e1 el ajuste seleccionado hasta que lo desactivemos.<\/p>\n\n\n\n<blockquote class=\"wp-block-quote is-layout-flow wp-block-quote-is-layout-flow\"><p>Una caracter\u00edstica qu\u00e9 en lo personal encuentro confusa.<\/p><\/blockquote>\n\n\n\n<p>El problema llega para activar y desactivar este modo. Los Mac tambi\u00e9n cuentan con Centro de control, pero inexplicablemente, Apple no ha llevado all\u00ed la forma de activar el nuevo modo. Los Mac tambi\u00e9n tienen un icono de bater\u00eda en la barra de men\u00fas, pero el sistema tampoco permite activar ese modo desde all\u00ed, como s\u00ed hace Windows con un click desde hace a\u00f1os.<\/p>\n\n\n\n<p>Pese a esto,&nbsp;la funci\u00f3n es muy \u00fatil para reducir el consumo de energ\u00eda del chip del equipo y de variables como el brillo de pantalla. Adem\u00e1s, algunos usuarios de equipos con gr\u00e1fica dedicada como los MacBook Pro de 16&#8243; se quejaban de que al conectar una pantalla se encend\u00edan los ventiladores. Se deb\u00eda a un fuerte uso de la tarjeta gr\u00e1fica.<\/p>\n\n\n\n<p><strong>Con Modo de bajo consumo, el perfil energ\u00e9tico de la GPU tambi\u00e9n baja<\/strong>, y con ello los ventiladores. Adem\u00e1s, en equipos Intel, el sistema tambi\u00e9n limita el Turbo Boost, y&nbsp;otras herramientas. Esto definitivamente traer\u00e1 enormes ventajas de reducci\u00f3n del uso de ventiladores, con lo que posiblemente tengamos un equipo mucho m\u00e1s silencioso. Tocar\u00e1 esperar para saber.<\/p>\n\n\n\n<h1 class=\"wp-block-heading\">Borrar contenidos y ajustes, similar al &#8220;Restablecer este PC&#8221; de Windows 10 y 11.<\/h1>\n\n\n\n<p>Uno de los mayores dolores de cabeza ha sido el&nbsp;tener que formatear los equipos para devolverlos a su estado inicial. Algunos fabricantes port\u00e1tiles incluyen desde hace mucho tiempo un modo de recuperaci\u00f3n que devuelve el equipo al estado de f\u00e1brica, algo recuerdo haber visto en port\u00e1tiles con Microsoft.<\/p>\n\n\n\n<p>Apple nunca ha tenido algo as\u00ed. Ahora, con Monterey, existe esa opci\u00f3n de &#8220;<strong>Borrar contenidos y ajustes<\/strong>&#8220;, que deja el Mac limpio de todos los datos del usuario, con la \u00faltima versi\u00f3n del sistema que se hubiera instalado recientemente. El problema, c\u00f3mo lo describen los chicos de Genbeta, es que Apple ha escondido la funci\u00f3n y en este caso acceder a ella tambi\u00e9n podr\u00eda resultar complicado hallarla para algunos usuarios.<\/p>\n\n\n\n<figure class=\"wp-block-image size-large\"><img loading=\"lazy\" decoding=\"async\" width=\"940\" height=\"507\" src=\"https:\/\/www.macquero.com\/wp-content\/uploads\/2021\/10\/2-940x507.png\" alt=\"\" class=\"wp-image-15030\" srcset=\"https:\/\/www.macquero.com\/wp-content\/uploads\/2021\/10\/2-940x507.png 940w, https:\/\/www.macquero.com\/wp-content\/uploads\/2021\/10\/2-620x334.png 620w, https:\/\/www.macquero.com\/wp-content\/uploads\/2021\/10\/2-300x162.png 300w, https:\/\/www.macquero.com\/wp-content\/uploads\/2021\/10\/2-768x414.png 768w, https:\/\/www.macquero.com\/wp-content\/uploads\/2021\/10\/2-18x10.png 18w, https:\/\/www.macquero.com\/wp-content\/uploads\/2021\/10\/2.png 1319w\" sizes=\"auto, (max-width: 940px) 100vw, 940px\" \/><figcaption>Imagen Ejemplo. Cortes\u00eda de Genbeta.<\/figcaption><\/figure>\n\n\n\n<p>Para dejar limpio un Mac con macOS Monterey, tendremos que abrir Preferencias del Sistema, y en men\u00fa desplegable debemos pulsar la funci\u00f3n desde la barra de men\u00fas, de manera posterior tendremos que seleccionar &#8220;Borrar contenidos y ajustes&#8221;, como puedes ver en la imagen.<\/p>\n\n\n\n<p>Al accionarlo,&nbsp;el sistema nos pedir\u00e1 contrase\u00f1a, y nos &#8220;advertir\u00e1&#8221; que se van a borrar todos los contenidos y ajustes. (Personalmente, encuentro esa nueva funci\u00f3n aterradora). Pero, es solo mi opini\u00f3n desde el oscurantismo. (No contamos con este sistema operativo). <\/p>\n\n\n\n<figure class=\"wp-block-image size-large\"><img loading=\"lazy\" decoding=\"async\" width=\"1422\" height=\"1093\" src=\"https:\/\/www.macquero.com\/wp-content\/uploads\/2021\/10\/3-940x723.png\" alt=\"\" class=\"wp-image-15031\" srcset=\"https:\/\/www.macquero.com\/wp-content\/uploads\/2021\/10\/3-940x723.png 940w, https:\/\/www.macquero.com\/wp-content\/uploads\/2021\/10\/3-620x477.png 620w, https:\/\/www.macquero.com\/wp-content\/uploads\/2021\/10\/3-300x231.png 300w, https:\/\/www.macquero.com\/wp-content\/uploads\/2021\/10\/3-768x590.png 768w, https:\/\/www.macquero.com\/wp-content\/uploads\/2021\/10\/3-16x12.png 16w, https:\/\/www.macquero.com\/wp-content\/uploads\/2021\/10\/3.png 1422w\" sizes=\"auto, (max-width: 1422px) 100vw, 1422px\" \/><figcaption>Imagen de ejemplo.- Cortes\u00eda de Genbeta.<\/figcaption><\/figure>\n\n\n\n<p>A partir de ahora, seg\u00fan reza la explicaci\u00f3n de los chicos de Genbeta, si queremos estrenar un nuevo sistema, y obtener como resultado un equipo nuevo, o la sensaci\u00f3n de \u00e9ste.&nbsp;<strong>Ya no har\u00e1 falta &#8220;instalaci\u00f3n limpia&#8221;<\/strong>, pues ser\u00e1 el sistema el que se encargue de todo. \u00a1Una maravilla!<\/p>\n\n\n\n<p>Siempre y cu\u00e1ndo ha hecho falta he debido hacer una instalaci\u00f3n limpia (a rega\u00f1a dientes), para qu\u00e9 todo marche bien. Est\u00e1 in\u00e9dita funci\u00f3n, llega con un basti\u00f3n de esperanza, especialmente para usuarios &lt;c\u00f3mo yo&gt;, que pueden encontrar uno qu\u00e9 otro bache en el camino.<\/p>\n\n\n\n<p>Fuente de est\u00e9 art\u00edculo. <a href=\"https:\/\/www.genbeta.com\/mac\/macos-monterey-fin-ha-copiado-dos-mejores-funciones-windows-11-versiones-anteriores-asi-puedes-usarlas-hoy\" data-type=\"URL\" data-id=\"https:\/\/www.genbeta.com\/mac\/macos-monterey-fin-ha-copiado-dos-mejores-funciones-windows-11-versiones-anteriores-asi-puedes-usarlas-hoy\" target=\"_blank\" rel=\"noreferrer noopener\">Genbeta<\/a>.<\/p>","protected":false},"excerpt":{"rendered":"<p>Cr\u00e9ditos a Genbeta. En el pie del art\u00edculo. Art\u00edculo: modificado desde nuestra visi\u00f3n, c\u00f3mo usuario final. Todos nuestros art\u00edculos de terceros, &#8220;siempre&#8221; llevar\u00e1n una fuente al inicio y en el pie del art\u00edculo. As\u00ed, c\u00f3mo el uso de licencias comerciales o de libre uso, para recursos, im\u00e1genes y productos de terceros. Creative Commons.- Resumen A &hellip;<\/p>","protected":false},"author":2,"featured_media":15032,"comment_status":"closed","ping_status":"closed","sticky":false,"template":"","format":"standard","meta":{"jetpack_post_was_ever_published":false,"_jetpack_newsletter_access":"","_jetpack_dont_email_post_to_subs":false,"_jetpack_newsletter_tier_id":0,"_jetpack_memberships_contains_paywalled_content":false,"_jetpack_memberships_contains_paid_content":false,"footnotes":"","jetpack_publicize_message":"","jetpack_publicize_feature_enabled":true,"jetpack_social_post_already_shared":true,"jetpack_social_options":{"image_generator_settings":{"template":"highway","default_image_id":0,"font":"","enabled":false},"version":2}},"categories":[371,1030],"tags":[286],"class_list":["post-15027","post","type-post","status-publish","format-standard","has-post-thumbnail","hentry","category-mac","category-macos","tag-novedades"],"jetpack_publicize_connections":[],"jetpack_featured_media_url":"https:\/\/www.macquero.com\/wp-content\/uploads\/2021\/10\/4.png","jetpack_sharing_enabled":true,"_links":{"self":[{"href":"https:\/\/www.macquero.com\/en\/wp-json\/wp\/v2\/posts\/15027","targetHints":{"allow":["GET"]}}],"collection":[{"href":"https:\/\/www.macquero.com\/en\/wp-json\/wp\/v2\/posts"}],"about":[{"href":"https:\/\/www.macquero.com\/en\/wp-json\/wp\/v2\/types\/post"}],"author":[{"embeddable":true,"href":"https:\/\/www.macquero.com\/en\/wp-json\/wp\/v2\/users\/2"}],"replies":[{"embeddable":true,"href":"https:\/\/www.macquero.com\/en\/wp-json\/wp\/v2\/comments?post=15027"}],"version-history":[{"count":13,"href":"https:\/\/www.macquero.com\/en\/wp-json\/wp\/v2\/posts\/15027\/revisions"}],"predecessor-version":[{"id":15046,"href":"https:\/\/www.macquero.com\/en\/wp-json\/wp\/v2\/posts\/15027\/revisions\/15046"}],"wp:featuredmedia":[{"embeddable":true,"href":"https:\/\/www.macquero.com\/en\/wp-json\/wp\/v2\/media\/15032"}],"wp:attachment":[{"href":"https:\/\/www.macquero.com\/en\/wp-json\/wp\/v2\/media?parent=15027"}],"wp:term":[{"taxonomy":"category","embeddable":true,"href":"https:\/\/www.macquero.com\/en\/wp-json\/wp\/v2\/categories?post=15027"},{"taxonomy":"post_tag","embeddable":true,"href":"https:\/\/www.macquero.com\/en\/wp-json\/wp\/v2\/tags?post=15027"}],"curies":[{"name":"wp","href":"https:\/\/api.w.org\/{rel}","templated":true}]}}