{"id":13799,"date":"2021-10-11T00:12:48","date_gmt":"2021-10-11T05:12:48","guid":{"rendered":"http:\/\/www.macquero.com\/?p=13799"},"modified":"2021-10-30T03:39:42","modified_gmt":"2021-10-30T08:39:42","slug":"novedades-perdidos-en-el-espacio-lost-in-space-temporada-3","status":"publish","type":"post","link":"https:\/\/www.macquero.com\/en\/2021\/10\/novedades-perdidos-en-el-espacio-lost-in-space-temporada-3\/","title":{"rendered":"Perdidos en el espacio. &#8211; Lost in Space. Temporada 3."},"content":{"rendered":"<p>La tercera y \u00faltima entrega de est\u00e1 serie de ciencia ficci\u00f3n original de la plataforma, ser\u00e1 estrenada el primero de diciembre de este a\u00f1o. <\/p>\n\n\n\n<p>Te dejamos un breve teaser con algunas im\u00e1genes.<\/p>","protected":false},"excerpt":{"rendered":"<p>La tercera y \u00faltima entrega de est\u00e1 serie de ciencia ficci\u00f3n original de la plataforma, ser\u00e1 estrenada el primero de diciembre de este a\u00f1o. Te dejamos un breve teaser con algunas im\u00e1genes.<\/p>","protected":false},"author":2,"featured_media":13802,"comment_status":"closed","ping_status":"closed","sticky":false,"template":"","format":"standard","meta":{"jetpack_post_was_ever_published":false,"_jetpack_newsletter_access":"","_jetpack_dont_email_post_to_subs":false,"_jetpack_newsletter_tier_id":0,"_jetpack_memberships_contains_paywalled_content":false,"_jetpack_memberships_contains_paid_content":false,"footnotes":"","jetpack_publicize_message":"","jetpack_publicize_feature_enabled":true,"jetpack_social_post_already_shared":true,"jetpack_social_options":{"image_generator_settings":{"template":"highway","default_image_id":0,"font":"","enabled":false},"version":2}},"categories":[1007],"tags":[286],"class_list":["post-13799","post","type-post","status-publish","format-standard","has-post-thumbnail","hentry","category-avances","tag-novedades"],"jetpack_publicize_connections":[],"jetpack_featured_media_url":"https:\/\/www.macquero.com\/wp-content\/uploads\/2021\/10\/www.macquero.com-novedades-perdidos-en-el-espacio-lost-in-space-temporada-3-sc.jpg","jetpack_sharing_enabled":true,"_links":{"self":[{"href":"https:\/\/www.macquero.com\/en\/wp-json\/wp\/v2\/posts\/13799","targetHints":{"allow":["GET"]}}],"collection":[{"href":"https:\/\/www.macquero.com\/en\/wp-json\/wp\/v2\/posts"}],"about":[{"href":"https:\/\/www.macquero.com\/en\/wp-json\/wp\/v2\/types\/post"}],"author":[{"embeddable":true,"href":"https:\/\/www.macquero.com\/en\/wp-json\/wp\/v2\/users\/2"}],"replies":[{"embeddable":true,"href":"https:\/\/www.macquero.com\/en\/wp-json\/wp\/v2\/comments?post=13799"}],"version-history":[{"count":3,"href":"https:\/\/www.macquero.com\/en\/wp-json\/wp\/v2\/posts\/13799\/revisions"}],"predecessor-version":[{"id":15591,"href":"https:\/\/www.macquero.com\/en\/wp-json\/wp\/v2\/posts\/13799\/revisions\/15591"}],"wp:featuredmedia":[{"embeddable":true,"href":"https:\/\/www.macquero.com\/en\/wp-json\/wp\/v2\/media\/13802"}],"wp:attachment":[{"href":"https:\/\/www.macquero.com\/en\/wp-json\/wp\/v2\/media?parent=13799"}],"wp:term":[{"taxonomy":"category","embeddable":true,"href":"https:\/\/www.macquero.com\/en\/wp-json\/wp\/v2\/categories?post=13799"},{"taxonomy":"post_tag","embeddable":true,"href":"https:\/\/www.macquero.com\/en\/wp-json\/wp\/v2\/tags?post=13799"}],"curies":[{"name":"wp","href":"https:\/\/api.w.org\/{rel}","templated":true}]}}