{"id":13772,"date":"2021-10-06T02:29:58","date_gmt":"2021-10-06T07:29:58","guid":{"rendered":"http:\/\/www.macquero.com\/?p=13772"},"modified":"2021-10-24T19:33:05","modified_gmt":"2021-10-25T00:33:05","slug":"tech-santos-te-invita-a-recorrer-big-sur-a-fondo","status":"publish","type":"post","link":"https:\/\/www.macquero.com\/en\/2021\/10\/tech-santos-te-invita-a-recorrer-big-sur-a-fondo\/","title":{"rendered":"Tech Santos. Te invita a recorrer MacOS Big Sur a fondo."},"content":{"rendered":"<p>Tras el susto del pasado 30 de septiembre fecha que no voy a olvidar, en macquero ya estamos tomando los correctivos necesarios para volver a actualizarnos al ecosistema de Apple.<\/p>\n\n\n\n<p>Mientras llega ese momento, queremos compartir contigo 100 caracter\u00edsticas a\u00f1adidas que posee el nuevo sistema operativo de Apple, de la mano de <strong>Tech Santos<\/strong> y algunas impresiones de lo que pudimos ver en su video.<\/p>\n\n\n\n<h3 class=\"wp-block-heading\">Ratings<\/h3>\n\n\n\n<p>La nueva interfaz recoge cambios est\u00e9ticos significativos frente a versiones m\u00e1s recientes. Algo, en lo que ya debes estar acostumbrado, ya que de <strong>&#8220;Catalina&#8221; a &#8220;Big Sur&#8221;<\/strong> los cambios quiz\u00e1s sean imperceptibles. Pero, para quienes navegamos a\u00fan en aguas riesgosas, la nueva imagen denota todo un cambio.<\/p>\n\n\n\n<p>Una de las caracter\u00edsticas que en lo personal me cautiv\u00f3 es la nueva barra de men\u00fa, y su posibilidad de sumar y restar aplicaciones desde el centro de control y viceversa.<\/p>\n\n\n\n<p>La experiencia supone cambios notables, no solo a nivel gr\u00e1fico, sino tambi\u00e9n en los detalles de personalizaci\u00f3n y recursos consagrados desde preferencias.<\/p>\n\n\n\n<p>Te invitamos a que te <strong>suscribas al canal de YouTube de Tech Santos<\/strong>, si quieres estar bien informado del acontecer Apple.<\/p>\n\n\n\n<p> <a rel=\"noreferrer noopener\" aria-label=\"Canal (opens in a new tab)\" href=\"https:\/\/www.youtube.com\/channel\/UCQBiLYv2BjHwwG3gc-n7JVA\" target=\"_blank\"><strong>Canal<\/strong><\/a> recomendado. &#x2b50;&#x2b50;&#x2b50;&#x2b50;&#x2b50;<\/p>","protected":false},"excerpt":{"rendered":"<p>Tras el susto del pasado 30 de septiembre fecha que no voy a olvidar, en macquero ya estamos tomando los correctivos necesarios para volver a actualizarnos al ecosistema de Apple. Mientras llega ese momento, queremos compartir contigo 100 caracter\u00edsticas a\u00f1adidas que posee el nuevo sistema operativo de Apple, de la mano de Tech Santos y &hellip;<\/p>","protected":false},"author":2,"featured_media":13776,"comment_status":"closed","ping_status":"closed","sticky":false,"template":"","format":"standard","meta":{"jetpack_post_was_ever_published":false,"_jetpack_newsletter_access":"","_jetpack_dont_email_post_to_subs":false,"_jetpack_newsletter_tier_id":0,"_jetpack_memberships_contains_paywalled_content":false,"_jetpack_memberships_contains_paid_content":false,"footnotes":"","jetpack_publicize_message":"","jetpack_publicize_feature_enabled":true,"jetpack_social_post_already_shared":true,"jetpack_social_options":{"image_generator_settings":{"template":"highway","default_image_id":0,"font":"","enabled":false},"version":2}},"categories":[5,371],"tags":[286],"class_list":["post-13772","post","type-post","status-publish","format-standard","has-post-thumbnail","hentry","category-apple","category-mac","tag-novedades"],"jetpack_publicize_connections":[],"jetpack_featured_media_url":"https:\/\/www.macquero.com\/wp-content\/uploads\/2021\/10\/www.macquero.com-00-1.jpg","jetpack_sharing_enabled":true,"_links":{"self":[{"href":"https:\/\/www.macquero.com\/en\/wp-json\/wp\/v2\/posts\/13772","targetHints":{"allow":["GET"]}}],"collection":[{"href":"https:\/\/www.macquero.com\/en\/wp-json\/wp\/v2\/posts"}],"about":[{"href":"https:\/\/www.macquero.com\/en\/wp-json\/wp\/v2\/types\/post"}],"author":[{"embeddable":true,"href":"https:\/\/www.macquero.com\/en\/wp-json\/wp\/v2\/users\/2"}],"replies":[{"embeddable":true,"href":"https:\/\/www.macquero.com\/en\/wp-json\/wp\/v2\/comments?post=13772"}],"version-history":[{"count":9,"href":"https:\/\/www.macquero.com\/en\/wp-json\/wp\/v2\/posts\/13772\/revisions"}],"predecessor-version":[{"id":14503,"href":"https:\/\/www.macquero.com\/en\/wp-json\/wp\/v2\/posts\/13772\/revisions\/14503"}],"wp:featuredmedia":[{"embeddable":true,"href":"https:\/\/www.macquero.com\/en\/wp-json\/wp\/v2\/media\/13776"}],"wp:attachment":[{"href":"https:\/\/www.macquero.com\/en\/wp-json\/wp\/v2\/media?parent=13772"}],"wp:term":[{"taxonomy":"category","embeddable":true,"href":"https:\/\/www.macquero.com\/en\/wp-json\/wp\/v2\/categories?post=13772"},{"taxonomy":"post_tag","embeddable":true,"href":"https:\/\/www.macquero.com\/en\/wp-json\/wp\/v2\/tags?post=13772"}],"curies":[{"name":"wp","href":"https:\/\/api.w.org\/{rel}","templated":true}]}}