{"id":13688,"date":"2021-09-28T00:03:02","date_gmt":"2021-09-28T05:03:02","guid":{"rendered":"http:\/\/www.macquero.com\/?p=13688"},"modified":"2021-10-25T23:59:54","modified_gmt":"2021-10-26T04:59:54","slug":"estreno-misa-de-medianoche-midnight-mass","status":"publish","type":"post","link":"https:\/\/www.macquero.com\/en\/2021\/09\/estreno-misa-de-medianoche-midnight-mass\/","title":{"rendered":"Misa de medianoche. &#8211; Midnight Mass."},"content":{"rendered":"<p><strong>Puntuaci\u00f3n:<\/strong>&nbsp;&#x2b50;&#xfe0f;&#x2b50;&#xfe0f;&#x2b50;&#xfe0f;&#x2b50;&#xfe0f;&#x2b50;&#xfe0f; <\/p>\n\n\n\n<p>Del creador de\u00a0<a href=\"https:\/\/www.macquero.com\/en\/2019\/11\/opinion-la-maldicion-de-hill-house-que-miedoooooo\/\" data-type=\"URL\" data-id=\"https:\/\/www.macquero.com\/2019\/11\/opinion-la-maldicion-de-hill-house-que-miedoooooo\/\"><strong>La maldici\u00f3n de Hill House<\/strong>\u00a0<\/a>y\u00a0<strong><a href=\"https:\/\/www.macquero.com\/en\/2020\/10\/estreno-la-maldicion-de-bly-manor-the-haunting-of-bly-manor\/\" data-type=\"URL\" data-id=\"https:\/\/www.macquero.com\/2020\/10\/estreno-la-maldicion-de-bly-manor-the-haunting-of-bly-manor\/\">La maldici\u00f3n de Bly Manor<\/a><\/strong>,\u00a0Misa de Medianoche\u00a0llega desde el 24 de septiembre para helar tu sangre.<\/p>\n\n\n\n<h3 class=\"wp-block-heading\">Sipnosis <\/h3>\n\n\n\n<p>Se trata de una&nbsp;miniserie de terror&nbsp;que tiene lugar en&nbsp;Crockett Island, un pueblo costero venido a menos y desolado por el tiempo, que se ve convulsionado con el regreso de&nbsp;un joven ca\u00eddo en desgracia (Zach Gilford)&nbsp;y la llegada de&nbsp;un nuevo p\u00e1rroco, que trae consigo hechos milagrosos, sobrenaturales y misteriosos&nbsp;que avivan la devoci\u00f3n religiosa de los lugare\u00f1os.<\/p>\n\n\n\n<p>La ficci\u00f3n cuenta con solo&nbsp;siete episodios, un poco lentos y sopor\u00edferos, pero con una carga de misterio \u00fanica en cada episodio. <\/p>\n\n\n\n<p>No es esencialmente terror\u00edfica, pero los efectos especiales junto a la banda sonora ayudan a generar un clima de tensi\u00f3n espeluznante. Recomendada para los amantes del g\u00e9nero horror sobrenatural. <\/p>","protected":false},"excerpt":{"rendered":"<p>Puntuaci\u00f3n:&nbsp;&#x2b50;&#xfe0f;&#x2b50;&#xfe0f;&#x2b50;&#xfe0f;&#x2b50;&#xfe0f;&#x2b50;&#xfe0f; Del creador de\u00a0La maldici\u00f3n de Hill House\u00a0y\u00a0La maldici\u00f3n de Bly Manor,\u00a0Misa de Medianoche\u00a0llega desde el 24 de septiembre para helar tu sangre. Sipnosis Se trata de una&nbsp;miniserie de terror&nbsp;que tiene lugar en&nbsp;Crockett Island, un pueblo costero venido a menos y desolado por el tiempo, que se ve convulsionado con el regreso de&nbsp;un joven ca\u00eddo &hellip;<\/p>","protected":false},"author":2,"featured_media":13691,"comment_status":"closed","ping_status":"closed","sticky":false,"template":"","format":"standard","meta":{"jetpack_post_was_ever_published":false,"_jetpack_newsletter_access":"","_jetpack_dont_email_post_to_subs":false,"_jetpack_newsletter_tier_id":0,"_jetpack_memberships_contains_paywalled_content":false,"_jetpack_memberships_contains_paid_content":false,"footnotes":"","jetpack_publicize_message":"","jetpack_publicize_feature_enabled":true,"jetpack_social_post_already_shared":true,"jetpack_social_options":{"image_generator_settings":{"template":"highway","default_image_id":0,"font":"","enabled":false},"version":2}},"categories":[733,732],"tags":[750,500,903],"class_list":["post-13688","post","type-post","status-publish","format-standard","has-post-thumbnail","hentry","category-originales-de-netflix","category-series","tag-inquietante","tag-misterio","tag-terror-sobrenatural"],"jetpack_publicize_connections":[],"jetpack_featured_media_url":"https:\/\/www.macquero.com\/wp-content\/uploads\/2021\/09\/www.macquero.com-estreno-misa-de-medianoche-ei.jpg","jetpack_sharing_enabled":true,"_links":{"self":[{"href":"https:\/\/www.macquero.com\/en\/wp-json\/wp\/v2\/posts\/13688","targetHints":{"allow":["GET"]}}],"collection":[{"href":"https:\/\/www.macquero.com\/en\/wp-json\/wp\/v2\/posts"}],"about":[{"href":"https:\/\/www.macquero.com\/en\/wp-json\/wp\/v2\/types\/post"}],"author":[{"embeddable":true,"href":"https:\/\/www.macquero.com\/en\/wp-json\/wp\/v2\/users\/2"}],"replies":[{"embeddable":true,"href":"https:\/\/www.macquero.com\/en\/wp-json\/wp\/v2\/comments?post=13688"}],"version-history":[{"count":8,"href":"https:\/\/www.macquero.com\/en\/wp-json\/wp\/v2\/posts\/13688\/revisions"}],"predecessor-version":[{"id":14864,"href":"https:\/\/www.macquero.com\/en\/wp-json\/wp\/v2\/posts\/13688\/revisions\/14864"}],"wp:featuredmedia":[{"embeddable":true,"href":"https:\/\/www.macquero.com\/en\/wp-json\/wp\/v2\/media\/13691"}],"wp:attachment":[{"href":"https:\/\/www.macquero.com\/en\/wp-json\/wp\/v2\/media?parent=13688"}],"wp:term":[{"taxonomy":"category","embeddable":true,"href":"https:\/\/www.macquero.com\/en\/wp-json\/wp\/v2\/categories?post=13688"},{"taxonomy":"post_tag","embeddable":true,"href":"https:\/\/www.macquero.com\/en\/wp-json\/wp\/v2\/tags?post=13688"}],"curies":[{"name":"wp","href":"https:\/\/api.w.org\/{rel}","templated":true}]}}